{"id":10022,"date":"2020-11-01T19:37:47","date_gmt":"2020-11-01T22:37:47","guid":{"rendered":"https:\/\/www.todoeldia.com\/?p=10022"},"modified":"2020-11-01T19:37:48","modified_gmt":"2020-11-01T22:37:48","slug":"encierros-cortos-y-duros-la-unica-solucion-al-rebrote-por-covid-19-hasta-que-llegue-la-vacuna","status":"publish","type":"post","link":"https:\/\/www.todoeldia.com\/index.php\/2020\/11\/01\/encierros-cortos-y-duros-la-unica-solucion-al-rebrote-por-covid-19-hasta-que-llegue-la-vacuna\/","title":{"rendered":"Encierros cortos y duros, la \u00fanica soluci\u00f3n al rebrote por COVID-19 hasta que llegue la vacuna"},"content":{"rendered":"\n<p>As\u00ed lo entendieron varios pa\u00edses europeos que viven una nueva ola de infecciones por coronavirus que preocupa a los gobiernos por la saturaci\u00f3n de sus sistemas de salud. Epidemi\u00f3logos nacionales e internacionales explican su utilidad<\/p>\n\n\n\n<p>Ya pasaron 11 meses desde que surgi\u00f3 un&nbsp;nuevo coronavirus&nbsp;en la ciudad de Wuhan, China, que paraliz\u00f3 al mundo al convertirse en pandemia por la&nbsp;<a href=\"https:\/\/www.infobae.com\/coronavirus\/\" target=\"_blank\" rel=\"noreferrer noopener\">enfermedad COVID-19<\/a>&nbsp;que genera y que dej\u00f3 hasta ahora&nbsp;46 millones de personas infectadas y m\u00e1s de 1,2 millones de muertos.<\/p>\n\n\n\n<p>En este tiempo,\u00a0los pa\u00edses han visto el avance implacable del enemigo silencioso e invisible,\u00a0que encontr\u00f3 un planeta perfecto para reproducirse a gran escala, con una conexi\u00f3n total a trav\u00e9s de los transportes a\u00e9reos que\u00a0lo hizo conquistar m\u00e1s de 200 pa\u00edses en pocos meses.\u00a0A medida que avanzaban las infecciones, tambi\u00e9n lo hac\u00eda\u00a0la cantidad de personas que enfermaban gravemente (alrededor de un 20% de los contagiados),\u00a0que necesitan asistencia m\u00e9dica respiratoria y dem\u00e1s cuidados intensivos en los centros de salud adecuados y aislados de otras afecciones.<\/p>\n\n\n\n<figure class=\"wp-block-image is-resized\"><img loading=\"lazy\" decoding=\"async\" src=\"https:\/\/www.infobae.com\/new-resizer\/PGsqC0ddtljacEuLuUszoCEZi7M=\/420x420\/filters:format(jpg):quality(85)\/\/cloudfront-us-east-1.images.arcpublishing.com\/infobae\/XVEDE7JVWRHINL4R34HHSXVXFU.jpg\" alt=\"Marcelo Regalado (Infobae)\" width=\"1066\" height=\"1097\"\/><\/figure>\n\n\n\n<p>Una vez analizado el genoma del virus y su comportamiento,&nbsp;los expertos infect\u00f3logos determinaron que el coronavirus SARS-CoV-2 tiene una evoluci\u00f3n de 2 semanas.<\/p>\n\n\n\n<p>Por ello, los primeros confinamientos tuvieron lugar por espacio de 15 d\u00edas en distintos lugares del mundo y por supuesto en Argentina, que comenz\u00f3 con un aislamiento, social, preventivo y obligatorio (ASPO) de 15 d\u00edas, pero que luego se prorrog\u00f3 hasta el d\u00eda de hoy, que lleva m\u00e1s de 220.<\/p>\n\n\n\n<figure class=\"wp-block-image is-resized\"><img loading=\"lazy\" decoding=\"async\" src=\"https:\/\/www.infobae.com\/new-resizer\/mi7pesDzuaLwHkqInuMkeetzUZA=\/420x420\/filters:format(jpg):quality(85)\/\/cloudfront-us-east-1.images.arcpublishing.com\/infobae\/RGAU6HW4E5GBZBVXTVV2TPG6LQ.gif\" alt=\"Marcelo Regalado (Infobae)\" width=\"1061\" height=\"1093\"\/><\/figure>\n\n\n\n<p>El coronavirus golpe\u00f3 con crudeza a principio de a\u00f1o en Europa, durante los meses de febrero, marzo y abril.&nbsp;Luego, los infectados crecieron en Am\u00e9rica, pero en forma m\u00e1s sostenida.<\/p>\n\n\n\n<p>En las \u00faltimas semanas y con la llegada del oto\u00f1o boreal,\u00a0Europa ha visto crecer el n\u00famero de infectados en proporciones que preocupan a las autoridades de distintos pa\u00edses,\u00a0al punto de decretar cuarentenas severas por cortos per\u00edodos a fin de detener las infecciones.<\/p>\n\n\n\n<figure class=\"wp-block-image is-resized\"><img loading=\"lazy\" decoding=\"async\" src=\"https:\/\/www.infobae.com\/new-resizer\/uuqKhgFpgk6j8JD66zi-CXVfVgo=\/420x280\/filters:format(jpg):quality(85)\/\/cloudfront-us-east-1.images.arcpublishing.com\/infobae\/INMPKVCG6VDKBHE76A7BAKZTEY.jpg\" alt=\"Un puesto sanitario una calle de Roma para testear a personas por coronavirus - EFE\/EPA\/GIUSEPPE LAMI\/Archivo\n\" width=\"1059\" height=\"738\"\/><figcaption>Un puesto sanitario una calle de Roma para testear a personas por coronavirus &#8211;<\/figcaption><\/figure>\n\n\n\n<p>La doctora responsable de enfermedades emergentes y zoonosis de la&nbsp;<a href=\"https:\/\/www.who.int\/health-topics\/coronavirus#tab=tab_1\" target=\"_blank\" rel=\"noreferrer noopener\">Organizaci\u00f3n Mundial de la Salud (OMS)<\/a>, Maria Van Kerkhove,&nbsp;advirti\u00f3 a los pa\u00edses de Europa de que si no se pone en cuarentena a los contactos de casos positivos de COVID-19, se producir\u00e1n confinamientos generalizados de la poblaci\u00f3n.&nbsp;En rueda de prensa, Van Kerkhove explic\u00f3 que en las \u00faltimas semanas se ha producido un aumento de la edad media de personas contagiadas de COVID-19, lo que est\u00e1 incrementando la tasa de hospitalizaci\u00f3n y de ocupaci\u00f3n en las Unidades de Cuidados Intensivos. \u201cLos pa\u00edses de toda Europa consiguieron controlar la transmisi\u00f3n del virus en primavera y hasta el verano, por lo que lo pueden volver a hacer.&nbsp;Podemos evitar los confinamientos si entre todos desempe\u00f1amos bien nuestro papel y esto requiere sacrificios individuales\u201d, detall\u00f3.<\/p>\n\n\n\n<p>Del mismo modo se manifest\u00f3 el director de emergencias de la OMS, Michael Ryan, que insisti\u00f3 en que\u00a0si todas las personas cumplen con las medidas de higiene y los pa\u00edses trabajan para controlar los brotes se podr\u00e1n evitar los confinamientos masivos.\u00a0\u201cHay que actuar r\u00e1pido, apagando los fuegos de la pandemia y esa es una responsabilidad de todos y por eso es importante que las medidas sean comprendidas por parte de la sociedad y de que todos nos unamos para romper las cadenas de transmisi\u00f3n\u201d, enfatiz\u00f3 Ryan, que\u00a0record\u00f3 que en las \u00faltimas semanas m\u00e1s del 40 por ciento de todos los contagios de la COVID-19 a nivel mundial se produjeron en Europa.<\/p>\n\n\n\n<figure class=\"wp-block-image is-resized\"><img loading=\"lazy\" decoding=\"async\" src=\"https:\/\/www.infobae.com\/new-resizer\/gsUwohriw3icrovseaAe2FO8TAY=\/420x280\/filters:format(jpg):quality(85)\/\/cloudfront-us-east-1.images.arcpublishing.com\/infobae\/RK5MD6N66QXAOKGQTSRGHLHLFM.jpg\" alt=\"Personas pasean por el shoping Westfield Mall of Scandinavia in Solna, cerca de Estocolmo, Suecia. REUTERS    \" width=\"1071\" height=\"747\"\/><figcaption>Personas pasean por el shoping Westfield Mall of Scandinavia in Solna, cerca de Estocolmo, Suecia.<\/figcaption><\/figure>\n\n\n\n<p>Situaci\u00f3n en Europa<\/p>\n\n\n\n<p>Toda&nbsp;Francia se halla desde el viernes bajo un confinamiento generalizado&nbsp;tras haber superado las 36.000 muertes desde el inicio de la epidemia. Pero este segundo confinamiento no ser\u00e1 id\u00e9ntico al de marzo.&nbsp;Las guarder\u00edas y colegios permanecer\u00e1n abiertos con un protocolo sanitario reforzado para que muchos padres puedan seguir trabajando.&nbsp;Pero los comercios \u201cno esenciales\u201d cerraron, al igual que los cines y salas de espect\u00e1culos.&nbsp;\u201cNo hay otra soluci\u00f3n\u201d,&nbsp;dijo el primer ministro Jean Castex, que prev\u00e9 un pico de hospitalizaciones en noviembre \u201cm\u00e1s alto que en abril\u201d. Las autoridades francesas temen una saturaci\u00f3n de los servicios de reanimaci\u00f3n, donde m\u00e1s de la mitad de las&nbsp;5800 camas disponibles&nbsp;ya est\u00e1n ocupadas. Francia se convierte as\u00ed en uno de los pocos pa\u00edses o regiones de Europa, junto con Irlanda y Gales, en optar por confinar a toda la poblaci\u00f3n, el arma m\u00e1s poderosa contra el virus.<\/p>\n\n\n\n<p>En Reino Unido, los 56 millones de habitantes de Inglaterra volver\u00e1n al confinamiento domiciliario a partir del jueves y hasta el 2 de diciembre en un intento de frenar el avance de la pandemia de coronavirus, anunci\u00f3 ayer el primer ministro brit\u00e1nico Boris Johnson.<\/p>\n\n\n\n<figure class=\"wp-block-image is-resized\"><img loading=\"lazy\" decoding=\"async\" src=\"https:\/\/www.infobae.com\/new-resizer\/gBcAri1tabiLZfR3Gu9XUUnMnoo=\/420x315\/filters:format(jpg):quality(85)\/\/cloudfront-us-east-1.images.arcpublishing.com\/infobae\/XKCPWFRIJQYYRTVYMVTGJUOGAY.jpg\" alt=\"El coronavirus infect\u00f3 a m\u00e1s de 45 millones de personas desde su inicio -  REUTERS\/Leonhard Foeger\" width=\"1057\" height=\"825\"\/><figcaption>El coronavirus infect\u00f3 a m\u00e1s de 45 millones de personas desde su inicio &#8211;<\/figcaption><\/figure>\n\n\n\n<p>Las infecciones por COVID-19 se duplican en Inglaterra cada nueve d\u00edas.\u00a0Entre el 16 y el 25 de octubre, 128 de cada 10.000 habitantes de Inglaterra se infectaron de coronavirus, frente a 60 por 10.000 de la semana precedente,\u00a0seg\u00fan el estudio publicado por el Imperial College London. La tasa de reproducci\u00f3n, o n\u00famero R, subi\u00f3 a 1,6 a nivel nacional, lo que significa que cada 10 infectados contagian a otros 16 como promedio. Los cient\u00edficos que asesoran al gobierno piden regulaciones m\u00e1s estrictas y el opositor Partido Laborista est\u00e1 presionando al ejecutivo para que instaure un confinamiento general de dos o tres semanas con que frenar la propagaci\u00f3n del virus.\u00a0Reino Unido es el pa\u00eds m\u00e1s castigado de Europa, con m\u00e1s de 45.000 muertes confirmadas por COVID-19.\u00a0\u201cTenemos que ser humildes ante la naturaleza\u201d, afirm\u00f3\u00a0Johnson\u00a0en rueda de prensa al anunciar que todos los comercios no esenciales cerrar\u00e1n y los ingleses no podr\u00e1n salir de casa salvo para cuestiones esenciales como comprar comida o acudir al m\u00e9dico. Escuelas y universidades seguir\u00e1n sin embargo abiertas.<\/p>\n\n\n\n<p>Italia\u00a0se encamina hacia el que llaman escenario n\u00famero 4, es decir\u00a0un nuevo confinamiento ligero, con el cierre de m\u00e1s actividades y quiz\u00e1 los colegios, y restricciones en la movilidad entre regiones con cerca 25.000 casos de coronavirus diarios y el aumento exponencial de los ingresos en los hospitales. El coordinador del Comit\u00e9 t\u00e9cnico-cient\u00edfico instituido por el Gobierno, Agostino Miozzo, explic\u00f3 que se ha entrado en pleno escenario 3 y que el siguiente ser\u00eda el 4, que incluye cierres parciales o localizados. \u201cSi miramos a los pa\u00edses vecinos, lamentablemente son hip\u00f3tesis realistas\u201d, destac\u00f3. Los datos en las \u00faltimas 24 horas en el pa\u00eds fueron de casi 27.000 casos y de 217 fallecidos y con un aumento de 115 personas m\u00e1s ingresadas en la UCI. Seg\u00fan las hip\u00f3tesis de la prensa,\u00a0el pr\u00f3ximo 9 de noviembre se volver\u00edan a endurecer las medidas con un modelo parecido al aplicado en Francia,\u00a0con empresas, f\u00e1bricas y oficinas abiertas, mientras que cerrar\u00e1n las tiendas excepto las de productos esenciales. S\u00f3lo se podr\u00e1 salir de casa para ir a trabajar, llevar a los ni\u00f1os al colegio, ir a comprar productos de primera necesidad o por motivos m\u00e9dicos.<\/p>\n\n\n\n<figure class=\"wp-block-image is-resized\"><img loading=\"lazy\" decoding=\"async\" src=\"https:\/\/www.infobae.com\/new-resizer\/v1e-CtKxHKXJ56MiBGLEXwKeQ8w=\/420x280\/filters:format(jpg):quality(85)\/\/cloudfront-us-east-1.images.arcpublishing.com\/infobae\/F67BY6CJY323DJXKIDG7I6Q4BY.jpg\" alt=\"Muchos gobiernos ven a la vacuna como el fin de la pandemia - REUTERS\/Fabrizio Bensch\" width=\"1064\" height=\"742\"\/><figcaption>Muchos gobiernos ven a la vacuna como el fin de la pandemia<\/figcaption><\/figure>\n\n\n\n<p>En&nbsp;Espa\u00f1a, el ministro de Sanidad, Salvador Illa, explic\u00f3 que&nbsp;el estado de alarma vigente, que se prorrogar\u00e1 hasta dentro de seis meses, no permite aplicar la medida de los confinamientos domiciliarios que algunas comunidades aut\u00f3nomas como Castilla y Le\u00f3n o Catalu\u00f1a ya se est\u00e1n planteando si la situaci\u00f3n de la pandemia del coronavirus empeora. \u201cGracias a las medidas contundentes que los gobiernos auton\u00f3micos s\u00ed pueden desarrollar ya dentro del estado de alarma actual, que son el confinamiento nocturno, los cierres perimetrales de las autonom\u00edas, la limitaci\u00f3n de las reuniones y la movilizaci\u00f3n de recursos se conseguir\u00e1 doblegar la curva, estabilizarla y mantenerla baja\u201d, defendi\u00f3 Illa en una rueda de prensa en la Moncloa.<\/p>\n\n\n\n<p>Expertos alertan frenar los rebrotes<\/p>\n\n\n\n<p>El jefe del Servicio de Epidemiolog\u00eda y Enfermedades Infecciosas del Hospital Cl\u00ednic de Barcelona, Antoni Trilla, explic\u00f3 que&nbsp;un confinamiento corto de dos o tres semanas es una buena opci\u00f3n para frenar la transmisi\u00f3n del virus, manteniendo la actividad econ\u00f3mica esencial y la educaci\u00f3n primaria y secundaria.<\/p>\n\n\n\n<p>Dominique Costagliola, Epidemi\u00f3loga y Bioestad\u00edstica en el Inserm de Francia afirm\u00f3 que todav\u00eda es dif\u00edcil saber cu\u00e1nto se est\u00e1 subestimando la epidemia, pero una cosa es cierta: el n\u00famero de casos est\u00e1 aumentando m\u00e1s que el n\u00famero de pruebas. \u201cMientras se espera un tratamiento efectivo o una vacuna, la \u00fanica manera de evitar una epidemia galopante es, por tanto, gestionar la circulaci\u00f3n del virus a un nivel aceptable, mediante la detecci\u00f3n y el seguimiento generalizado y r\u00e1pido de los contactos, as\u00ed como el respeto a las medidas de distanciamiento social. Este equilibrio no es f\u00e1cil de mantener, pero es la \u00fanica opci\u00f3n para los pr\u00f3ximos meses\u201d, remarc\u00f3 la experta. El director m\u00e9dico del gobierno brit\u00e1nico, Chris Whitty, advirti\u00f3 hace poco en un comunicado que \u201chemos alcanzado los l\u00edmites de lo que podemos hacer para reabrir la sociedad\u201d.<\/p>\n\n\n\n<figure class=\"wp-block-image is-resized\"><img loading=\"lazy\" decoding=\"async\" src=\"https:\/\/www.infobae.com\/new-resizer\/M0lil_W7NGCc8phJxEQgE67rb7A=\/420x280\/filters:format(jpg):quality(85)\/\/cloudfront-us-east-1.images.arcpublishing.com\/infobae\/TJKNVUXDI2DP5O5V47QLZIC67Y.jpg\" alt=\"Una mujer sirve a los clientes en un restaurante, ya que las tiendas y los restaurantes pueden reabrir a medida que Italia alivia algunas de las medidas de bloqueo implementadas durante el brote de la enfermedad por coronavirus (COVID-19), en Mil\u00e1n, Italia. 18 de mayo de 2020. REUTERS\/Flavio Lo Scalzo\" width=\"1066\" height=\"743\"\/><figcaption>Una mujer sirve a los clientes en un restaurante, ya que las tiendas y los restaurantes pueden reabrir a medida que Italia alivia algunas de las medidas de bloqueo implementadas durante el brote de la enfermedad por coronavirus (COVID-19), en Mil\u00e1n, Italia. 18 de mayo de 2020.<\/figcaption><\/figure>\n\n\n\n<p>Jasmina Panovska-Griffiths, Investigadora principal y profesora de modelizaci\u00f3n matem\u00e1tica del Univesity College of London, destac\u00f3 \u201cla buena noticia\u201d de esta nueva ola de infecciones.&nbsp;\u201cEn las dos \u00faltimas semanas, pese a asistir a un incremento del n\u00famero de casos en el Reino Unido,&nbsp;el n\u00famero de muertes y hospitalizaciones asociadas a COVID-19 no ha aumentado.&nbsp;Hay quienes sugieren que el reciente aumento en&nbsp;el n\u00famero de casos nuevos afecta en gran medida a los j\u00f3venes,&nbsp;lo que plantea un escenario totalmente diferente al del inicio de la epidemia, cuando la COVID-19 se cebaba con las personas mayores, con mayor riesgo de fallecer a manos de la enfermedad. En este tiempo, el Reino Unido tambi\u00e9n ha incrementado su capacidad de hacer test, lo que se traduce en un aumento del n\u00famero de casos confirmados que se contabilizan ahora\u201d.<\/p>\n\n\n\n<p>Situaci\u00f3n en Argentina<\/p>\n\n\n\n<figure class=\"wp-block-image is-resized\"><img loading=\"lazy\" decoding=\"async\" src=\"https:\/\/www.infobae.com\/new-resizer\/XXh39JWo3aQJSII2_hWPsPX35hs=\/420x420\/filters:format(jpg):quality(85)\/\/cloudfront-us-east-1.images.arcpublishing.com\/infobae\/XEEWQ2EX5RARHLI4D6GYVQWW5Q.gif\" alt=\"Marcelo Regalado (Infobae)\" width=\"1073\" height=\"1106\"\/><\/figure>\n\n\n\n<p>\u201cSi la mayor\u00eda de la gente cree que esto ya fue, que no se piensa cuidar, el rebrote va a ser inevitable\u201d,\u00a0<a rel=\"noreferrer noopener\" href=\"https:\/\/www.infobae.com\/sociedad\/2020\/10\/30\/la-advertencia-de-quiros-para-evitar-que-en-argentina-haya-un-rebrote-de-coronavirus-como-en-europa\/\" target=\"_blank\">afirm\u00f3 esta semana<\/a>\u00a0el ministro de Salud de la Ciudad de Buenos Aires, Fern\u00e1n Quir\u00f3s, que reiter\u00f3 la importancia de mantener los cuidados b\u00e1sicos de higiene de manos, distanciamiento y sobre todo del correcto uso del barbijo.<\/p>\n\n\n\n<p>\u201cEuropa ha demostrado que, luego de una primera curva, las condiciones pueden darse para que vuelva un rebrote\u201d, dijo en conferencia de prensa el funcionario porte\u00f1o. Tambi\u00e9n destac\u00f3 que, frente a ese escenario, resultan cruciales pol\u00edticas sanitarias para al menos mitigar esa situaci\u00f3n, como \u201cintensificar el sistema de rastreo y testeo en la Ciudad\u201d, y tambi\u00e9n \u201cevitar los espacios superdistribuidores o supercontagiadores\u201d, como son los lugares mal ventilados, donde hay muchas personas con poco volumen de aire.<\/p>\n\n\n\n<p>Ante la llegada de las temperaturas m\u00e1s agradables, Quir\u00f3s insisti\u00f3 con el caso europeo. \u201cDurante el verano en Europa las pol\u00edticas p\u00fablicas disminuyeron, la ciudadan\u00eda tuvo una falsa sensaci\u00f3n de finalizaci\u00f3n del problema y perdi\u00f3 la capacidad de cuidarse de los supercontagios y el cambio de la din\u00e1mica social hizo que el virus encuentre otro lugar para circular\u201d, se\u00f1al\u00f3.&nbsp;\u201cNo perdamos la capacidad de cuidarnos; si la mayor\u00eda de la gente considera que esto ya fue, que no se piensan cuidar, el rebrote va a ser inevitable\u201d, alert\u00f3 el ministro y reiter\u00f3 la importancia de mantener los cuidados b\u00e1sicos y el uso del tapaboca bien colocado.<\/p>\n","protected":false},"excerpt":{"rendered":"<p>As\u00ed lo entendieron varios pa\u00edses europeos que viven una nueva ola de infecciones por coronavirus que preocupa a los gobiernos por la saturaci\u00f3n de sus sistemas de salud. Epidemi\u00f3logos nacionales e internacionales explican su utilidad Ya pasaron 11 meses desde que surgi\u00f3 un&nbsp;nuevo coronavirus&nbsp;en la ciudad de Wuhan, China, que paraliz\u00f3 al mundo al convertirse [&hellip;]<\/p>\n","protected":false},"author":2,"featured_media":10024,"comment_status":"open","ping_status":"open","sticky":false,"template":"","format":"standard","meta":{"tdm_status":"","tdm_grid_status":"","_joinchat":[],"footnotes":""},"categories":[65],"tags":[],"class_list":{"0":"post-10022","1":"post","2":"type-post","3":"status-publish","4":"format-standard","5":"has-post-thumbnail","7":"category-coronavirus"},"amp_enabled":true,"_links":{"self":[{"href":"https:\/\/www.todoeldia.com\/index.php\/wp-json\/wp\/v2\/posts\/10022","targetHints":{"allow":["GET"]}}],"collection":[{"href":"https:\/\/www.todoeldia.com\/index.php\/wp-json\/wp\/v2\/posts"}],"about":[{"href":"https:\/\/www.todoeldia.com\/index.php\/wp-json\/wp\/v2\/types\/post"}],"author":[{"embeddable":true,"href":"https:\/\/www.todoeldia.com\/index.php\/wp-json\/wp\/v2\/users\/2"}],"replies":[{"embeddable":true,"href":"https:\/\/www.todoeldia.com\/index.php\/wp-json\/wp\/v2\/comments?post=10022"}],"version-history":[{"count":1,"href":"https:\/\/www.todoeldia.com\/index.php\/wp-json\/wp\/v2\/posts\/10022\/revisions"}],"predecessor-version":[{"id":10023,"href":"https:\/\/www.todoeldia.com\/index.php\/wp-json\/wp\/v2\/posts\/10022\/revisions\/10023"}],"wp:featuredmedia":[{"embeddable":true,"href":"https:\/\/www.todoeldia.com\/index.php\/wp-json\/wp\/v2\/media\/10024"}],"wp:attachment":[{"href":"https:\/\/www.todoeldia.com\/index.php\/wp-json\/wp\/v2\/media?parent=10022"}],"wp:term":[{"taxonomy":"category","embeddable":true,"href":"https:\/\/www.todoeldia.com\/index.php\/wp-json\/wp\/v2\/categories?post=10022"},{"taxonomy":"post_tag","embeddable":true,"href":"https:\/\/www.todoeldia.com\/index.php\/wp-json\/wp\/v2\/tags?post=10022"}],"curies":[{"name":"wp","href":"https:\/\/api.w.org\/{rel}","templated":true}]}}