{"id":10039,"date":"2020-11-02T08:56:50","date_gmt":"2020-11-02T11:56:50","guid":{"rendered":"https:\/\/www.todoeldia.com\/?p=10039"},"modified":"2020-11-02T08:56:52","modified_gmt":"2020-11-02T11:56:52","slug":"metan-funcionario-municipal-hasta-las-manos","status":"publish","type":"post","link":"https:\/\/www.todoeldia.com\/index.php\/2020\/11\/02\/metan-funcionario-municipal-hasta-las-manos\/","title":{"rendered":"Metan, funcionario municipal hasta las manos"},"content":{"rendered":"\n<p>Un hombre de 25 a\u00f1os, que se desempe\u00f1a como secretario de Cultura de esa ciudad, y su hermano de 23 a\u00f1os, fueron imputados por incumplir las medidas adoptadas por las autoridades competentes, para impedir la introducci\u00f3n o propagaci\u00f3n de una epidemia. Organizaron una fiesta de cumplea\u00f1os en su domicilio y se tom\u00f3 conocimiento a trav\u00e9s de las redes sociales.<\/p>\n\n\n\n<p>El&nbsp;fiscal penal 2 de Met\u00e1n, Gonzalo G\u00f3mez Amado, imput\u00f3 a&nbsp;Sergio Fabi\u00e1n Salinas y a su hermano Augusto Emanuel Salinas&nbsp;por el delito de&nbsp;incumplir las medidas adoptadas por las autoridades competentes, para impedir la introducci\u00f3n o propagaci\u00f3n de una epidemia, previsto en el art\u00edculo 205 del C\u00f3digo Penal.<\/p>\n\n\n\n<p>La&nbsp;investigaci\u00f3n se inici\u00f3 por una publicaci\u00f3n realizada por un portal digital local,&nbsp;realizada el pasado 13 de octubre, donde&nbsp;se daba cuenta de una fiesta donde hab\u00eda participado el funcionario municipal, su hermano y otras personas pese a las restricciones vigentes por la situaci\u00f3n sanitaria.<\/p>\n\n\n\n<p>Seg\u00fan declararon las personas identificadas como participantes,&nbsp;se trat\u00f3 del festejo de cumplea\u00f1os de uno de los imputados, se desarroll\u00f3 en la casa familiar el pasado 11 de octubre desde el mediod\u00eda hasta la tarde y seg\u00fan manifestaron, no superaron las 20 personas.<\/p>\n\n\n\n<p>G\u00f3mez Amado explic\u00f3 que&nbsp;resta la imputaci\u00f3n de una tercera persona, que por razones laborales no se encuentra en esa ciudad&nbsp;y que se concretar\u00e1 a la brevedad.<\/p>\n","protected":false},"excerpt":{"rendered":"<p>Un hombre de 25 a\u00f1os, que se desempe\u00f1a como secretario de Cultura de esa ciudad, y su hermano de 23 a\u00f1os, fueron imputados por incumplir las medidas adoptadas por las autoridades competentes, para impedir la introducci\u00f3n o propagaci\u00f3n de una epidemia. Organizaron una fiesta de cumplea\u00f1os en su domicilio y se tom\u00f3 conocimiento a trav\u00e9s [&hellip;]<\/p>\n","protected":false},"author":2,"featured_media":10040,"comment_status":"open","ping_status":"open","sticky":false,"template":"","format":"standard","meta":{"tdm_status":"","tdm_grid_status":"","_joinchat":[],"footnotes":""},"categories":[73],"tags":[],"class_list":{"0":"post-10039","1":"post","2":"type-post","3":"status-publish","4":"format-standard","5":"has-post-thumbnail","7":"category-noticias-general"},"amp_enabled":true,"_links":{"self":[{"href":"https:\/\/www.todoeldia.com\/index.php\/wp-json\/wp\/v2\/posts\/10039","targetHints":{"allow":["GET"]}}],"collection":[{"href":"https:\/\/www.todoeldia.com\/index.php\/wp-json\/wp\/v2\/posts"}],"about":[{"href":"https:\/\/www.todoeldia.com\/index.php\/wp-json\/wp\/v2\/types\/post"}],"author":[{"embeddable":true,"href":"https:\/\/www.todoeldia.com\/index.php\/wp-json\/wp\/v2\/users\/2"}],"replies":[{"embeddable":true,"href":"https:\/\/www.todoeldia.com\/index.php\/wp-json\/wp\/v2\/comments?post=10039"}],"version-history":[{"count":1,"href":"https:\/\/www.todoeldia.com\/index.php\/wp-json\/wp\/v2\/posts\/10039\/revisions"}],"predecessor-version":[{"id":10041,"href":"https:\/\/www.todoeldia.com\/index.php\/wp-json\/wp\/v2\/posts\/10039\/revisions\/10041"}],"wp:featuredmedia":[{"embeddable":true,"href":"https:\/\/www.todoeldia.com\/index.php\/wp-json\/wp\/v2\/media\/10040"}],"wp:attachment":[{"href":"https:\/\/www.todoeldia.com\/index.php\/wp-json\/wp\/v2\/media?parent=10039"}],"wp:term":[{"taxonomy":"category","embeddable":true,"href":"https:\/\/www.todoeldia.com\/index.php\/wp-json\/wp\/v2\/categories?post=10039"},{"taxonomy":"post_tag","embeddable":true,"href":"https:\/\/www.todoeldia.com\/index.php\/wp-json\/wp\/v2\/tags?post=10039"}],"curies":[{"name":"wp","href":"https:\/\/api.w.org\/{rel}","templated":true}]}}