{"id":10062,"date":"2020-11-02T12:20:29","date_gmt":"2020-11-02T15:20:29","guid":{"rendered":"https:\/\/www.todoeldia.com\/?p=10062"},"modified":"2020-11-02T12:20:30","modified_gmt":"2020-11-02T15:20:30","slug":"empleados-municipales-en-alerta-y-movilizacion","status":"publish","type":"post","link":"https:\/\/www.todoeldia.com\/index.php\/2020\/11\/02\/empleados-municipales-en-alerta-y-movilizacion\/","title":{"rendered":"Empleados municipales en alerta y movilizaci\u00f3n"},"content":{"rendered":"\n<p>Empleados nucleados en la Uni\u00f3n de Trabajadores Municipales se encuentran en estado de alerta y movilizaci\u00f3n y esta ma\u00f1ana ten\u00edan previsto realizar una asamblea en el Centro C\u00edvico Municipal.<\/p>\n\n\n\n<p>Pedro Serrudo secretario general del gremio inform\u00f3 que est\u00e1n solicitando el reconocimiento que los trabajadores ya ten\u00edan que estar cobrando desde el mes de octubre del a\u00f1o pasado, el 4 % que nos adeudan del mes de mayo retroactivo y el 10 % que ten\u00eda que hacerse efectivo a partir de julio.<\/p>\n\n\n\n<p>Tambi\u00e9n reclaman que se paguen todos los adicionales que est\u00e1n pendientes, por t\u00edtulo secundario universitario y a los compa\u00f1eros que se jubilaron ten\u00edan que haberles pagado los 12 sueldos que est\u00e1n en el convenio colectivo de trabajo.<\/p>\n\n\n\n<p>Indic\u00f3 que su sector rechaza el aumento del 6% otorgado por el municipio porque se trata de una imposici\u00f3n y si no tenemos respuestas a nuestro reclamo las medidas de fuerza se van a endurecer.<\/p>\n\n\n\n<p>\u201cSomos un sindicato de pelea y lucha y estamos reclamando todos los que nos deben\u201d, concluyo Serrudo<\/p>\n","protected":false},"excerpt":{"rendered":"<p>Empleados nucleados en la Uni\u00f3n de Trabajadores Municipales se encuentran en estado de alerta y movilizaci\u00f3n y esta ma\u00f1ana ten\u00edan previsto realizar una asamblea en el Centro C\u00edvico Municipal. Pedro Serrudo secretario general del gremio inform\u00f3 que est\u00e1n solicitando el reconocimiento que los trabajadores ya ten\u00edan que estar cobrando desde el mes de octubre del [&hellip;]<\/p>\n","protected":false},"author":2,"featured_media":10063,"comment_status":"open","ping_status":"open","sticky":false,"template":"","format":"standard","meta":{"tdm_status":"","tdm_grid_status":"","_joinchat":[],"footnotes":""},"categories":[69],"tags":[],"class_list":{"0":"post-10062","1":"post","2":"type-post","3":"status-publish","4":"format-standard","5":"has-post-thumbnail","7":"category-salta"},"amp_enabled":true,"_links":{"self":[{"href":"https:\/\/www.todoeldia.com\/index.php\/wp-json\/wp\/v2\/posts\/10062","targetHints":{"allow":["GET"]}}],"collection":[{"href":"https:\/\/www.todoeldia.com\/index.php\/wp-json\/wp\/v2\/posts"}],"about":[{"href":"https:\/\/www.todoeldia.com\/index.php\/wp-json\/wp\/v2\/types\/post"}],"author":[{"embeddable":true,"href":"https:\/\/www.todoeldia.com\/index.php\/wp-json\/wp\/v2\/users\/2"}],"replies":[{"embeddable":true,"href":"https:\/\/www.todoeldia.com\/index.php\/wp-json\/wp\/v2\/comments?post=10062"}],"version-history":[{"count":1,"href":"https:\/\/www.todoeldia.com\/index.php\/wp-json\/wp\/v2\/posts\/10062\/revisions"}],"predecessor-version":[{"id":10064,"href":"https:\/\/www.todoeldia.com\/index.php\/wp-json\/wp\/v2\/posts\/10062\/revisions\/10064"}],"wp:featuredmedia":[{"embeddable":true,"href":"https:\/\/www.todoeldia.com\/index.php\/wp-json\/wp\/v2\/media\/10063"}],"wp:attachment":[{"href":"https:\/\/www.todoeldia.com\/index.php\/wp-json\/wp\/v2\/media?parent=10062"}],"wp:term":[{"taxonomy":"category","embeddable":true,"href":"https:\/\/www.todoeldia.com\/index.php\/wp-json\/wp\/v2\/categories?post=10062"},{"taxonomy":"post_tag","embeddable":true,"href":"https:\/\/www.todoeldia.com\/index.php\/wp-json\/wp\/v2\/tags?post=10062"}],"curies":[{"name":"wp","href":"https:\/\/api.w.org\/{rel}","templated":true}]}}