{"id":10141,"date":"2020-11-02T21:16:28","date_gmt":"2020-11-03T00:16:28","guid":{"rendered":"https:\/\/www.todoeldia.com\/?p=10141"},"modified":"2020-11-02T21:16:29","modified_gmt":"2020-11-03T00:16:29","slug":"habra-inversiones-por-usd-18-millones-para-el-nodo-logistico-intermodal-y-puerto-seco-y-otros-168-500-000-para-renovar-integralmente-la-terminal-omnibus-de-guemes","status":"publish","type":"post","link":"https:\/\/www.todoeldia.com\/index.php\/2020\/11\/02\/habra-inversiones-por-usd-18-millones-para-el-nodo-logistico-intermodal-y-puerto-seco-y-otros-168-500-000-para-renovar-integralmente-la-terminal-omnibus-de-guemes\/","title":{"rendered":"Habr\u00e1 inversiones por USD 18 millones para  el Nodo Log\u00edstico Intermodal y Puerto Seco y otros $168.500.000 para renovar integralmente la Terminal \u00d3mnibus de G\u00fcemes"},"content":{"rendered":"\n<p>Anunciaron tambi\u00e9n $40 mil millones de inversi\u00f3n en infraestructura de transporte.<\/p>\n\n\n\n<p>El gobernador Gustavo S\u00e1enz y el ministro de Transporte de la Naci\u00f3n Mario Meoni firmaron en la Estaci\u00f3n de Trenes de la ciudad de Salta convenios para desarrollar la log\u00edstica de transporte de la provincia. Estuvo presente tambi\u00e9n el presidente de la C\u00e1mara de Diputados de la Naci\u00f3n, Sergio Massa y el presidente de la Operadora Ferroviaria Sociedad del Estado (SOFSE), Mart\u00edn Marinucci, adem\u00e1s de funcionarios de Naci\u00f3n, Provincia y municipios.<\/p>\n\n\n\n<p>\u201cEste es un d\u00eda hist\u00f3rico para los salte\u00f1os y demuestra que a pesar de estar en tiempos de pandemia se puede seguir gestionando y trabajando en equipo con la Naci\u00f3n\u201d, dijo el Gobernador tras la firma de tres convenios.<\/p>\n\n\n\n<p>Se posibilitar\u00e1n el desarrollo del Nodo Log\u00edstico Intermodal y Puerto Seco en General G\u00fcemes; la renovaci\u00f3n integral de la Terminal de \u00d3mnibus de G\u00fcemes y mejoras del transporte ferroviario de pasajeros interurbano de la l\u00ednea Belgrano entre las estaciones de Salta &#8211; G\u00fcemes, con posibilidad de ampliarla hasta Campo Quijano, pasando por Cerrillos y Rosario de Lerma.<\/p>\n\n\n\n<p>El Gobernador destac\u00f3 la importancia de desarrollar infraestructura de transporte en G\u00fcemes, que por su ubicaci\u00f3n, impactar\u00e1 directamente en la salida de la producci\u00f3n de Salta y del NOA a Chile, Bolivia y los puertos de Barranqueras en Chaco y Santa Fe.<\/p>\n\n\n\n<p>Por uno de los convenios se renovar\u00e1 integralmente la Terminal de G\u00fcemes con una inversi\u00f3n de $168.500 millones. \u201cEsta era una obra que la gente nos ped\u00eda y que tantas veces se inici\u00f3 y nunca termin\u00f3. Hoy podemos decir que se va a poner en marcha, gracias a la inversi\u00f3n del Gobierno Nacional, en un lugar estrat\u00e9gico para la regi\u00f3n\u201d, indic\u00f3 S\u00e1enz.<\/p>\n\n\n\n<p>Con relaci\u00f3n al Nodo Log\u00edstico, recalc\u00f3 que \u201ces un sue\u00f1o que tenemos los salte\u00f1os como as\u00ed tambi\u00e9n la pavimentaci\u00f3n de la ruta 51, que permitir\u00e1 la salida al Pac\u00edfico\u201d. Este Nodo Intermodal y Puerto Seco tendr\u00e1 una inversi\u00f3n de 13 millones de d\u00f3lares de la Naci\u00f3n y otros 5 millones de d\u00f3lares m\u00e1s aportados por la provincia.<\/p>\n\n\n\n<p>Se posibilitar\u00e1 la generaci\u00f3n de alrededor de 800 empleos directos con una probable duplicaci\u00f3n del n\u00famero de trabajadores en las temporadas \u201cpico\u201d de cosechas o demanda. Al tener car\u00e1cter intermodal proveer\u00e1 vinculaci\u00f3n entre modos automotor y ferroviario y contar con disponibilidad de gr\u00faas y otros servicios para la transferencia tren-cami\u00f3n y viceversa.<\/p>\n\n\n\n<p>En este sentido S\u00e1enz destac\u00f3 el impacto positivo en los distintos sectores productivos de la provincia y regi\u00f3n \u201caumentando la competitividad y reduciendo los costos de carga\u201d, a\u00f1adi\u00f3.<\/p>\n\n\n\n<p>El tercer convenio firmado con SOFSE permitir\u00e1 un mejor aprovechamiento de los recursos existentes con mejoras en el servicio regional interurbano de transporte ferroviario de pasajeros Salta \u2013 G\u00fcemes, con la factibilidad de ampliarlo hasta Campo Quijano. \u201cEsto moviliza much\u00edsimo y da trabajo adem\u00e1s de la posibilidad de un boleto econ\u00f3mico, especialmente para los estudiantes, ayud\u00e1ndonos a descongestionar el transporte urbano\u201d, a\u00f1adi\u00f3 el Gobernador. Tambi\u00e9n S\u00e1enz anunci\u00f3 la posibilidad de extenderlo a Perico y Palpal\u00e1 en Jujuy \u201cdando un servicio interprovincial&#8221;.<\/p>\n\n\n\n<p>Por su parte el ministro Meoni recalc\u00f3 que el Gobierno nacional \u201cacompa\u00f1a una mirada p\u00fablica estrat\u00e9gica de desarrollar todo el transporte del pa\u00eds\u201d. Y anunci\u00f3 para la provincia inversiones por $40 mil millones en distintas obras de transporte.<\/p>\n\n\n\n<p>Por otro lado&nbsp; Meoni dijo que entre 15 y 20 d\u00edas m\u00e1s se retomar\u00e1n las obras en el Belgrano Cargas.<\/p>\n\n\n\n<p>\u201cEl Nodo Log\u00edstico pondr\u00e1 a Salta en el coraz\u00f3n del norte argentino\u201d, expres\u00f3 Sergio Massa e indic\u00f3 que la producci\u00f3n salte\u00f1a y de la regi\u00f3n tendr\u00e1n la posibilidad de llegar a los mercados nacionales e internacionales con precios competitivos.<\/p>\n","protected":false},"excerpt":{"rendered":"<p>Anunciaron tambi\u00e9n $40 mil millones de inversi\u00f3n en infraestructura de transporte. El gobernador Gustavo S\u00e1enz y el ministro de Transporte de la Naci\u00f3n Mario Meoni firmaron en la Estaci\u00f3n de Trenes de la ciudad de Salta convenios para desarrollar la log\u00edstica de transporte de la provincia. Estuvo presente tambi\u00e9n el presidente de la C\u00e1mara de [&hellip;]<\/p>\n","protected":false},"author":2,"featured_media":10142,"comment_status":"open","ping_status":"open","sticky":false,"template":"","format":"standard","meta":{"tdm_status":"","tdm_grid_status":"","_joinchat":[],"footnotes":""},"categories":[69],"tags":[],"class_list":{"0":"post-10141","1":"post","2":"type-post","3":"status-publish","4":"format-standard","5":"has-post-thumbnail","7":"category-salta"},"amp_enabled":true,"_links":{"self":[{"href":"https:\/\/www.todoeldia.com\/index.php\/wp-json\/wp\/v2\/posts\/10141","targetHints":{"allow":["GET"]}}],"collection":[{"href":"https:\/\/www.todoeldia.com\/index.php\/wp-json\/wp\/v2\/posts"}],"about":[{"href":"https:\/\/www.todoeldia.com\/index.php\/wp-json\/wp\/v2\/types\/post"}],"author":[{"embeddable":true,"href":"https:\/\/www.todoeldia.com\/index.php\/wp-json\/wp\/v2\/users\/2"}],"replies":[{"embeddable":true,"href":"https:\/\/www.todoeldia.com\/index.php\/wp-json\/wp\/v2\/comments?post=10141"}],"version-history":[{"count":1,"href":"https:\/\/www.todoeldia.com\/index.php\/wp-json\/wp\/v2\/posts\/10141\/revisions"}],"predecessor-version":[{"id":10143,"href":"https:\/\/www.todoeldia.com\/index.php\/wp-json\/wp\/v2\/posts\/10141\/revisions\/10143"}],"wp:featuredmedia":[{"embeddable":true,"href":"https:\/\/www.todoeldia.com\/index.php\/wp-json\/wp\/v2\/media\/10142"}],"wp:attachment":[{"href":"https:\/\/www.todoeldia.com\/index.php\/wp-json\/wp\/v2\/media?parent=10141"}],"wp:term":[{"taxonomy":"category","embeddable":true,"href":"https:\/\/www.todoeldia.com\/index.php\/wp-json\/wp\/v2\/categories?post=10141"},{"taxonomy":"post_tag","embeddable":true,"href":"https:\/\/www.todoeldia.com\/index.php\/wp-json\/wp\/v2\/tags?post=10141"}],"curies":[{"name":"wp","href":"https:\/\/api.w.org\/{rel}","templated":true}]}}