{"id":101656,"date":"2025-10-28T15:27:47","date_gmt":"2025-10-28T18:27:47","guid":{"rendered":"https:\/\/www.todoeldia.com\/?p=101656"},"modified":"2025-10-28T15:27:48","modified_gmt":"2025-10-28T18:27:48","slug":"rio-de-janeiro-en-guerra-mas-de-60-muertos-en-la-mayor-operacion-de-la-historia-contra-el-narcotrafico","status":"publish","type":"post","link":"https:\/\/www.todoeldia.com\/index.php\/2025\/10\/28\/rio-de-janeiro-en-guerra-mas-de-60-muertos-en-la-mayor-operacion-de-la-historia-contra-el-narcotrafico\/","title":{"rendered":"R\u00edo de Janeiro, en guerra: m\u00e1s de 60 muertos en la mayor operaci\u00f3n de la historia contra el narcotr\u00e1fico"},"content":{"rendered":"\n<p>Hay decenas de presuntos delincuentes y varios polic\u00edas abatidos.<\/p>\n\n\n\n<p>R\u00edo de Janeiro registr\u00f3 este martes escenas de guerra, con al menos 64 muertos en \u201cla mayor operaci\u00f3n en la historia\u201d de la ciudad contra el narcotr\u00e1fico. Lo inform\u00f3 el portal G1.<\/p>\n\n\n\n<p>El megaoperativo contra la organizaci\u00f3n criminal Comando Vermelho (CV) se realiz\u00f3 en los complejos de Penha y de Alem\u00e3o, dos populosos conjuntos de favelas de R\u00edo, en la zona norte de R\u00edo, seg\u00fan la Polic\u00eda Civil.<\/p>\n\n\n\n<p>La cifra de detenidos ascendi\u00f3 a 81, inform\u00f3 EFE. Las autoridades dijeron que entre las v\u00edctimas fatales hay varios polic\u00edas.<\/p>\n\n\n\n<p>Las operaciones policiales contra el crimen organizado son frecuentes en las barriadas de esa ciudad tur\u00edstica de Brasil, donde los agentes suelen enfrentarse a tiros con traficantes y la poblaci\u00f3n sufre en medio del fuego cruzado.<\/p>\n\n\n\n<p>Unos 2500 uniformados participan de este operativo para \u201ccombatir la expansi\u00f3n territorial del Comando Vermelho\u201d, la mayor organizaci\u00f3n criminal de R\u00edo de Janeiro, indic\u00f3 el gobierno estatal en X.<\/p>\n\n\n\n<figure class=\"wp-block-image size-full is-resized\"><img loading=\"lazy\" decoding=\"async\" width=\"956\" height=\"609\" src=\"https:\/\/www.todoeldia.com\/wp-content\/uploads\/2025\/10\/image-170.png\" alt=\"\" class=\"wp-image-101658\" style=\"width:1068px;height:auto\" srcset=\"https:\/\/www.todoeldia.com\/wp-content\/uploads\/2025\/10\/image-170.png 956w, https:\/\/www.todoeldia.com\/wp-content\/uploads\/2025\/10\/image-170-300x191.png 300w, https:\/\/www.todoeldia.com\/wp-content\/uploads\/2025\/10\/image-170-768x489.png 768w, https:\/\/www.todoeldia.com\/wp-content\/uploads\/2025\/10\/image-170-659x420.png 659w, https:\/\/www.todoeldia.com\/wp-content\/uploads\/2025\/10\/image-170-696x443.png 696w\" sizes=\"auto, (max-width: 956px) 100vw, 956px\" \/><\/figure>\n\n\n\n<p>Barricadas contra el operativo policial<\/p>\n\n\n\n<p>Seg\u00fan G1, la red criminal mont\u00f3 barricadas con veh\u00edculos para enfrentar a la polic\u00eda en distintos puntos del \u00e1rea donde se llev\u00f3 a cabo la ofensiva.<\/p>\n\n\n\n<p>El operativo comenz\u00f3 en la madrugada de este martes con la llegada de al menos 2500 agentes con mandato para arrestar a 100 presuntos delincuentes.<\/p>\n\n\n\n<figure class=\"wp-block-image size-full is-resized\"><img loading=\"lazy\" decoding=\"async\" width=\"969\" height=\"632\" src=\"https:\/\/www.todoeldia.com\/wp-content\/uploads\/2025\/10\/image-169.png\" alt=\"\" class=\"wp-image-101657\" style=\"width:1068px;height:auto\" srcset=\"https:\/\/www.todoeldia.com\/wp-content\/uploads\/2025\/10\/image-169.png 969w, https:\/\/www.todoeldia.com\/wp-content\/uploads\/2025\/10\/image-169-300x196.png 300w, https:\/\/www.todoeldia.com\/wp-content\/uploads\/2025\/10\/image-169-768x501.png 768w, https:\/\/www.todoeldia.com\/wp-content\/uploads\/2025\/10\/image-169-644x420.png 644w, https:\/\/www.todoeldia.com\/wp-content\/uploads\/2025\/10\/image-169-696x454.png 696w\" sizes=\"auto, (max-width: 969px) 100vw, 969px\" \/><\/figure>\n\n\n\n<p><strong>La polic\u00eda custodia una calle de la favela de Penha<\/strong><\/p>\n\n\n\n<p>Seg\u00fan la prensa local, los delincuentes contraatacaron a balazos, barricadas y humo producto de algunos incendios de veh\u00edculos.<\/p>\n","protected":false},"excerpt":{"rendered":"<p>Hay decenas de presuntos delincuentes y varios polic\u00edas abatidos. R\u00edo de Janeiro registr\u00f3 este martes escenas de guerra, con al menos 64 muertos en \u201cla mayor operaci\u00f3n en la historia\u201d de la ciudad contra el narcotr\u00e1fico. Lo inform\u00f3 el portal G1. El megaoperativo contra la organizaci\u00f3n criminal Comando Vermelho (CV) se realiz\u00f3 en los complejos [&hellip;]<\/p>\n","protected":false},"author":2,"featured_media":101659,"comment_status":"open","ping_status":"open","sticky":false,"template":"","format":"standard","meta":{"tdm_status":"","tdm_grid_status":"","_joinchat":[],"footnotes":""},"categories":[73],"tags":[],"class_list":{"0":"post-101656","1":"post","2":"type-post","3":"status-publish","4":"format-standard","5":"has-post-thumbnail","7":"category-noticias-general"},"amp_enabled":true,"_links":{"self":[{"href":"https:\/\/www.todoeldia.com\/index.php\/wp-json\/wp\/v2\/posts\/101656","targetHints":{"allow":["GET"]}}],"collection":[{"href":"https:\/\/www.todoeldia.com\/index.php\/wp-json\/wp\/v2\/posts"}],"about":[{"href":"https:\/\/www.todoeldia.com\/index.php\/wp-json\/wp\/v2\/types\/post"}],"author":[{"embeddable":true,"href":"https:\/\/www.todoeldia.com\/index.php\/wp-json\/wp\/v2\/users\/2"}],"replies":[{"embeddable":true,"href":"https:\/\/www.todoeldia.com\/index.php\/wp-json\/wp\/v2\/comments?post=101656"}],"version-history":[{"count":1,"href":"https:\/\/www.todoeldia.com\/index.php\/wp-json\/wp\/v2\/posts\/101656\/revisions"}],"predecessor-version":[{"id":101660,"href":"https:\/\/www.todoeldia.com\/index.php\/wp-json\/wp\/v2\/posts\/101656\/revisions\/101660"}],"wp:featuredmedia":[{"embeddable":true,"href":"https:\/\/www.todoeldia.com\/index.php\/wp-json\/wp\/v2\/media\/101659"}],"wp:attachment":[{"href":"https:\/\/www.todoeldia.com\/index.php\/wp-json\/wp\/v2\/media?parent=101656"}],"wp:term":[{"taxonomy":"category","embeddable":true,"href":"https:\/\/www.todoeldia.com\/index.php\/wp-json\/wp\/v2\/categories?post=101656"},{"taxonomy":"post_tag","embeddable":true,"href":"https:\/\/www.todoeldia.com\/index.php\/wp-json\/wp\/v2\/tags?post=101656"}],"curies":[{"name":"wp","href":"https:\/\/api.w.org\/{rel}","templated":true}]}}