{"id":101675,"date":"2025-10-29T10:42:09","date_gmt":"2025-10-29T13:42:09","guid":{"rendered":"https:\/\/www.todoeldia.com\/?p=101675"},"modified":"2025-10-29T10:42:10","modified_gmt":"2025-10-29T13:42:10","slug":"civiles-trasladaron-mas-de-50-cadaveres-a-una-plaza-de-rio-de-janeiro-los-hallaron-en-una-zona-boscosa","status":"publish","type":"post","link":"https:\/\/www.todoeldia.com\/index.php\/2025\/10\/29\/civiles-trasladaron-mas-de-50-cadaveres-a-una-plaza-de-rio-de-janeiro-los-hallaron-en-una-zona-boscosa\/","title":{"rendered":"Civiles trasladaron m\u00e1s de 50 cad\u00e1veres a una plaza de R\u00edo de Janeiro: los hallaron en una zona boscosa"},"content":{"rendered":"\n<p>Los cuerpos fueron hallados entre los complejos del Alem\u00e3o y de la Penha, donde se llev\u00f3 a cabo la operaci\u00f3n policial m\u00e1s letal de la historia del estado. La cifra oficial de muertes es 64, pero estiman que podr\u00eda elevarse a m\u00e1s de 120<\/p>\n\n\n\n<p>En la madrugada de este mi\u00e9rcoles, residentes del Complexo da Penha, en la zona norte de R\u00edo de Janeiro, trasladaron m\u00e1s de 50 cuerpos a la plaza S\u00e3o Lucas de la comunidad. A primeras horas de la ma\u00f1ana lleg\u00f3 Defensa Civil al lugar para llevarse los cuerpos.<\/p>\n\n\n\n<figure class=\"wp-block-image size-full is-resized\"><img loading=\"lazy\" decoding=\"async\" width=\"675\" height=\"450\" src=\"https:\/\/www.todoeldia.com\/wp-content\/uploads\/2025\/10\/muertos-en-rio.jpg\" alt=\"\" class=\"wp-image-101676\" style=\"width:1068px;height:auto\" srcset=\"https:\/\/www.todoeldia.com\/wp-content\/uploads\/2025\/10\/muertos-en-rio.jpg 675w, https:\/\/www.todoeldia.com\/wp-content\/uploads\/2025\/10\/muertos-en-rio-300x200.jpg 300w, https:\/\/www.todoeldia.com\/wp-content\/uploads\/2025\/10\/muertos-en-rio-630x420.jpg 630w\" sizes=\"auto, (max-width: 675px) 100vw, 675px\" \/><figcaption class=\"wp-element-caption\"><strong>Familiares lloran junto a los cuerpos de los fallecidos<\/strong><\/figcaption><\/figure>\n\n\n\n<p>Los cad\u00e1veres fueron hallados en la zona boscosa entre los complejos del Alem\u00e3o y de la Penha, donde se llev\u00f3 a cabo la operaci\u00f3n policial m\u00e1s letal de la historia del estado.<\/p>\n\n\n\n<p>El peri\u00f3dico Folha ya habla de que son 64 cuerpos (la misma cifra que hab\u00eda de ayer, con lo que el total ascender\u00eda a 128), mientras que O Globo confirm\u00f3 59 hasta el momento. M\u00e1s all\u00e1 de lo que publican los medios locales, a\u00fan no hubo una actualizaci\u00f3n oficial de cifras.<\/p>\n\n\n\n<figure class=\"wp-block-image size-large is-resized\"><img loading=\"lazy\" decoding=\"async\" width=\"1024\" height=\"517\" src=\"https:\/\/www.todoeldia.com\/wp-content\/uploads\/2025\/10\/image-171-1024x517.png\" alt=\"\" class=\"wp-image-101678\" style=\"width:1068px;height:auto\" srcset=\"https:\/\/www.todoeldia.com\/wp-content\/uploads\/2025\/10\/image-171-1024x517.png 1024w, https:\/\/www.todoeldia.com\/wp-content\/uploads\/2025\/10\/image-171-300x151.png 300w, https:\/\/www.todoeldia.com\/wp-content\/uploads\/2025\/10\/image-171-768x388.png 768w, https:\/\/www.todoeldia.com\/wp-content\/uploads\/2025\/10\/image-171-832x420.png 832w, https:\/\/www.todoeldia.com\/wp-content\/uploads\/2025\/10\/image-171-696x351.png 696w, https:\/\/www.todoeldia.com\/wp-content\/uploads\/2025\/10\/image-171.png 1050w\" sizes=\"auto, (max-width: 1024px) 100vw, 1024px\" \/><\/figure>\n\n\n\n<p>De acuerdo con las cifras oficiales, la acci\u00f3n dej\u00f3 al menos 64 muertos y 81 personas detenidas. Entre las v\u00edctimas fatales hay cuatro polic\u00edas.<\/p>\n\n\n\n<p>La abogada Fl\u00e1via Fr\u00f3es, quien estuvo presente durante la retirada de los cuerpos, declar\u00f3 que varios cad\u00e1veres presentaban \u201cmarcas de disparos en la nuca, pu\u00f1aladas en la espalda y heridas en las piernas\u201d.<\/p>\n\n\n\n<figure class=\"wp-block-image size-large is-resized\"><img loading=\"lazy\" decoding=\"async\" width=\"1024\" height=\"522\" src=\"https:\/\/www.todoeldia.com\/wp-content\/uploads\/2025\/10\/image-172-1024x522.png\" alt=\"\" class=\"wp-image-101679\" style=\"width:1068px;height:auto\" srcset=\"https:\/\/www.todoeldia.com\/wp-content\/uploads\/2025\/10\/image-172-1024x522.png 1024w, https:\/\/www.todoeldia.com\/wp-content\/uploads\/2025\/10\/image-172-300x153.png 300w, https:\/\/www.todoeldia.com\/wp-content\/uploads\/2025\/10\/image-172-768x391.png 768w, https:\/\/www.todoeldia.com\/wp-content\/uploads\/2025\/10\/image-172-824x420.png 824w, https:\/\/www.todoeldia.com\/wp-content\/uploads\/2025\/10\/image-172-696x355.png 696w, https:\/\/www.todoeldia.com\/wp-content\/uploads\/2025\/10\/image-172.png 1046w\" sizes=\"auto, (max-width: 1024px) 100vw, 1024px\" \/><\/figure>\n\n\n\n<p>Organizaciones y defensores de derechos humanos solicitaron a la Comisi\u00f3n Interamericana de DDHH la presencia de interventores y peritos internacionales en R\u00edo.<\/p>\n\n\n\n<p>Fr\u00f3es calific\u00f3 la intervenci\u00f3n policial como \u201cla mayor masacre de la historia de R\u00edo de Janeiro\u201d.<\/p>\n\n\n\n<figure class=\"wp-block-image size-large is-resized\"><img loading=\"lazy\" decoding=\"async\" width=\"1024\" height=\"512\" src=\"https:\/\/www.todoeldia.com\/wp-content\/uploads\/2025\/10\/image-173-1024x512.png\" alt=\"\" class=\"wp-image-101680\" style=\"width:1068px;height:auto\" srcset=\"https:\/\/www.todoeldia.com\/wp-content\/uploads\/2025\/10\/image-173-1024x512.png 1024w, https:\/\/www.todoeldia.com\/wp-content\/uploads\/2025\/10\/image-173-300x150.png 300w, https:\/\/www.todoeldia.com\/wp-content\/uploads\/2025\/10\/image-173-768x384.png 768w, https:\/\/www.todoeldia.com\/wp-content\/uploads\/2025\/10\/image-173-841x420.png 841w, https:\/\/www.todoeldia.com\/wp-content\/uploads\/2025\/10\/image-173-696x348.png 696w, https:\/\/www.todoeldia.com\/wp-content\/uploads\/2025\/10\/image-173.png 1035w\" sizes=\"auto, (max-width: 1024px) 100vw, 1024px\" \/><\/figure>\n\n\n\n<p><strong>Las calles de R\u00edo estuvieron desiertas en la madrugada<\/strong><\/p>\n\n\n\n<p>Los cad\u00e1veres fueron retirados de la parte trasera de un veh\u00edculo con la ayuda de personas en situaci\u00f3n de calle. Entre quienes colaboraron en la remoci\u00f3n hab\u00eda menores. Un ni\u00f1o de aproximadamente nueve a\u00f1os asisti\u00f3 en la tarea, inform\u00f3 el peri\u00f3dico Folha de San Pablo.<\/p>\n\n\n\n<p>Uno de los cuerpos no ten\u00eda cabeza. La misma fue transportada en una bolsa. En medio de la conmoci\u00f3n, uno de los presentes grit\u00f3 a los familiares: \u201cEs uno de cabello rojo\u201d. Las manos del cad\u00e1ver estaban cerradas, apretando c\u00e9sped.<\/p>\n","protected":false},"excerpt":{"rendered":"<p>Los cuerpos fueron hallados entre los complejos del Alem\u00e3o y de la Penha, donde se llev\u00f3 a cabo la operaci\u00f3n policial m\u00e1s letal de la historia del estado. La cifra oficial de muertes es 64, pero estiman que podr\u00eda elevarse a m\u00e1s de 120 En la madrugada de este mi\u00e9rcoles, residentes del Complexo da Penha, [&hellip;]<\/p>\n","protected":false},"author":2,"featured_media":101677,"comment_status":"open","ping_status":"open","sticky":false,"template":"","format":"standard","meta":{"tdm_status":"","tdm_grid_status":"","_joinchat":[],"footnotes":""},"categories":[73],"tags":[],"class_list":{"0":"post-101675","1":"post","2":"type-post","3":"status-publish","4":"format-standard","5":"has-post-thumbnail","7":"category-noticias-general"},"amp_enabled":true,"_links":{"self":[{"href":"https:\/\/www.todoeldia.com\/index.php\/wp-json\/wp\/v2\/posts\/101675","targetHints":{"allow":["GET"]}}],"collection":[{"href":"https:\/\/www.todoeldia.com\/index.php\/wp-json\/wp\/v2\/posts"}],"about":[{"href":"https:\/\/www.todoeldia.com\/index.php\/wp-json\/wp\/v2\/types\/post"}],"author":[{"embeddable":true,"href":"https:\/\/www.todoeldia.com\/index.php\/wp-json\/wp\/v2\/users\/2"}],"replies":[{"embeddable":true,"href":"https:\/\/www.todoeldia.com\/index.php\/wp-json\/wp\/v2\/comments?post=101675"}],"version-history":[{"count":1,"href":"https:\/\/www.todoeldia.com\/index.php\/wp-json\/wp\/v2\/posts\/101675\/revisions"}],"predecessor-version":[{"id":101681,"href":"https:\/\/www.todoeldia.com\/index.php\/wp-json\/wp\/v2\/posts\/101675\/revisions\/101681"}],"wp:featuredmedia":[{"embeddable":true,"href":"https:\/\/www.todoeldia.com\/index.php\/wp-json\/wp\/v2\/media\/101677"}],"wp:attachment":[{"href":"https:\/\/www.todoeldia.com\/index.php\/wp-json\/wp\/v2\/media?parent=101675"}],"wp:term":[{"taxonomy":"category","embeddable":true,"href":"https:\/\/www.todoeldia.com\/index.php\/wp-json\/wp\/v2\/categories?post=101675"},{"taxonomy":"post_tag","embeddable":true,"href":"https:\/\/www.todoeldia.com\/index.php\/wp-json\/wp\/v2\/tags?post=101675"}],"curies":[{"name":"wp","href":"https:\/\/api.w.org\/{rel}","templated":true}]}}