{"id":101682,"date":"2025-10-29T10:53:21","date_gmt":"2025-10-29T13:53:21","guid":{"rendered":"https:\/\/www.todoeldia.com\/?p=101682"},"modified":"2025-10-29T10:53:22","modified_gmt":"2025-10-29T13:53:22","slug":"murio-el-joven-argentino-que-fue-baleado-por-sicarios-en-yacuiba","status":"publish","type":"post","link":"https:\/\/www.todoeldia.com\/index.php\/2025\/10\/29\/murio-el-joven-argentino-que-fue-baleado-por-sicarios-en-yacuiba\/","title":{"rendered":"Muri\u00f3 el joven argentino que fue baleado por sicarios en Yacuiba"},"content":{"rendered":"\n<p>Osvaldo Ezequiel Cuellar, ten\u00eda 31 a\u00f1os y recibi\u00f3 cuatro impactos de bala de un sicario que se movilizaba junto a un c\u00f3mplice en una motocicleta mientras se encontraba en Yacuiba la ciudad fronteriza con Salvador Mazza.<\/p>\n\n\n\n<p>A\u00fan se desconocen las causas de la brutal agresi\u00f3n, sin embargo, se estima que se trat\u00f3 de un ajuste de cuentas, ya que no le robaron nada.<\/p>\n\n\n\n<p>Seg\u00fan el informe policial de la Polic\u00eda Boliviana 2 sujetos en una motocicleta lo interceptaron y sin mediar palabra le dispararon dej\u00e1ndolo gravemente herido.<\/p>\n\n\n\n<figure class=\"wp-block-image size-full is-resized\"><img loading=\"lazy\" decoding=\"async\" width=\"608\" height=\"800\" src=\"https:\/\/www.todoeldia.com\/wp-content\/uploads\/2025\/10\/image-174.png\" alt=\"\" class=\"wp-image-101684\" style=\"width:1064px;height:auto\" srcset=\"https:\/\/www.todoeldia.com\/wp-content\/uploads\/2025\/10\/image-174.png 608w, https:\/\/www.todoeldia.com\/wp-content\/uploads\/2025\/10\/image-174-228x300.png 228w, https:\/\/www.todoeldia.com\/wp-content\/uploads\/2025\/10\/image-174-319x420.png 319w, https:\/\/www.todoeldia.com\/wp-content\/uploads\/2025\/10\/image-174-300x395.png 300w\" sizes=\"auto, (max-width: 608px) 100vw, 608px\" \/><\/figure>\n\n\n\n<p>Los servicios de Salud de Yacuiba lo trasladaron hasta el hospital Rub\u00e9n Zelaya de donde a solicitud de la familia fue trasladado a Tartagal y posteriormente a Salta Capital donde falleci\u00f3.<\/p>\n\n\n\n<p>Hasta el momento la polic\u00eda de Bolivia no tiene datos de quienes podr\u00edan ser los autores de este hecho.<\/p>\n","protected":false},"excerpt":{"rendered":"<p>Osvaldo Ezequiel Cuellar, ten\u00eda 31 a\u00f1os y recibi\u00f3 cuatro impactos de bala de un sicario que se movilizaba junto a un c\u00f3mplice en una motocicleta mientras se encontraba en Yacuiba la ciudad fronteriza con Salvador Mazza. A\u00fan se desconocen las causas de la brutal agresi\u00f3n, sin embargo, se estima que se trat\u00f3 de un ajuste [&hellip;]<\/p>\n","protected":false},"author":2,"featured_media":101683,"comment_status":"open","ping_status":"open","sticky":false,"template":"","format":"standard","meta":{"tdm_status":"","tdm_grid_status":"","_joinchat":[],"footnotes":""},"categories":[63],"tags":[],"class_list":{"0":"post-101682","1":"post","2":"type-post","3":"status-publish","4":"format-standard","5":"has-post-thumbnail","7":"category-policiales"},"amp_enabled":true,"_links":{"self":[{"href":"https:\/\/www.todoeldia.com\/index.php\/wp-json\/wp\/v2\/posts\/101682","targetHints":{"allow":["GET"]}}],"collection":[{"href":"https:\/\/www.todoeldia.com\/index.php\/wp-json\/wp\/v2\/posts"}],"about":[{"href":"https:\/\/www.todoeldia.com\/index.php\/wp-json\/wp\/v2\/types\/post"}],"author":[{"embeddable":true,"href":"https:\/\/www.todoeldia.com\/index.php\/wp-json\/wp\/v2\/users\/2"}],"replies":[{"embeddable":true,"href":"https:\/\/www.todoeldia.com\/index.php\/wp-json\/wp\/v2\/comments?post=101682"}],"version-history":[{"count":1,"href":"https:\/\/www.todoeldia.com\/index.php\/wp-json\/wp\/v2\/posts\/101682\/revisions"}],"predecessor-version":[{"id":101685,"href":"https:\/\/www.todoeldia.com\/index.php\/wp-json\/wp\/v2\/posts\/101682\/revisions\/101685"}],"wp:featuredmedia":[{"embeddable":true,"href":"https:\/\/www.todoeldia.com\/index.php\/wp-json\/wp\/v2\/media\/101683"}],"wp:attachment":[{"href":"https:\/\/www.todoeldia.com\/index.php\/wp-json\/wp\/v2\/media?parent=101682"}],"wp:term":[{"taxonomy":"category","embeddable":true,"href":"https:\/\/www.todoeldia.com\/index.php\/wp-json\/wp\/v2\/categories?post=101682"},{"taxonomy":"post_tag","embeddable":true,"href":"https:\/\/www.todoeldia.com\/index.php\/wp-json\/wp\/v2\/tags?post=101682"}],"curies":[{"name":"wp","href":"https:\/\/api.w.org\/{rel}","templated":true}]}}