{"id":101686,"date":"2025-10-29T11:11:26","date_gmt":"2025-10-29T14:11:26","guid":{"rendered":"https:\/\/www.todoeldia.com\/?p=101686"},"modified":"2025-10-29T11:11:27","modified_gmt":"2025-10-29T14:11:27","slug":"el-primer-congreso-nacional-de-trail-running-trekking-y-senderimo-en-el-n-o-a-se-hace-en-r-de-la-frontera","status":"publish","type":"post","link":"https:\/\/www.todoeldia.com\/index.php\/2025\/10\/29\/el-primer-congreso-nacional-de-trail-running-trekking-y-senderimo-en-el-n-o-a-se-hace-en-r-de-la-frontera\/","title":{"rendered":"El Primer Congreso Nacional de Trail Running, Trekking y Senderimo en el N.O.A se hace en R\u00b0 de la Frontera"},"content":{"rendered":"\n<p>Se llevar\u00e1 a cabo los d\u00edas jueves 30, viernes 31 de octubre y s\u00e1bado 01 de noviembre, y estar\u00e1 destinado a profesores de educaci\u00f3n f\u00edsica, especialistas, instructores, docentes y alumnos.<\/p>\n\n\n\n<p>Contar\u00e1 con resoluci\u00f3n del Ministerio de Educaci\u00f3n de la Provincia y certificados para todos los asistentes.<\/p>\n\n\n\n<p>Tendr\u00e1 un cupo de 350 participantes y dictado por 10 profesores especialistas en la materia, provenientes de la Universidad \u201cJuan Agust\u00edn Maza\u201d de Mendoza y de Salta Capital con el apoyo de profesionales de Rosario de la Frontera.<\/p>\n\n\n\n<p>El acto de apertura con la presencia del Intendente Kuldeep Singh, se realizar\u00e1 este jueves 30 de octubre , en el Nuevo Cine Teatro G\u00fcemes, a las 9:00 horas.<\/p>\n\n\n\n<p>Tendr\u00e1 como objetivos<\/p>\n\n\n\n<ul class=\"wp-block-list\">\n<li>Capacitar en aspectos t\u00e9cnicos, pr\u00e1cticos y de gesti\u00f3n en Trail runnig, Trekking y senderismo.<\/li>\n\n\n\n<li>Formar en seguridad, prevenci\u00f3n y manejo del riesgo en entornos naturales<\/li>\n\n\n\n<li>Favorecer la transferencia de competencias del deporte extremo a la educaci\u00f3n, las instituciones y la gesti\u00f3n organizacional<\/li>\n\n\n\n<li>Promover la conciencia ambiental y el uso responsable del entorno.<\/li>\n<\/ul>\n","protected":false},"excerpt":{"rendered":"<p>Se llevar\u00e1 a cabo los d\u00edas jueves 30, viernes 31 de octubre y s\u00e1bado 01 de noviembre, y estar\u00e1 destinado a profesores de educaci\u00f3n f\u00edsica, especialistas, instructores, docentes y alumnos. Contar\u00e1 con resoluci\u00f3n del Ministerio de Educaci\u00f3n de la Provincia y certificados para todos los asistentes. Tendr\u00e1 un cupo de 350 participantes y dictado por [&hellip;]<\/p>\n","protected":false},"author":2,"featured_media":101687,"comment_status":"open","ping_status":"open","sticky":false,"template":"","format":"standard","meta":{"tdm_status":"","tdm_grid_status":"","_joinchat":[],"footnotes":""},"categories":[73],"tags":[],"class_list":{"0":"post-101686","1":"post","2":"type-post","3":"status-publish","4":"format-standard","5":"has-post-thumbnail","7":"category-noticias-general"},"amp_enabled":true,"_links":{"self":[{"href":"https:\/\/www.todoeldia.com\/index.php\/wp-json\/wp\/v2\/posts\/101686","targetHints":{"allow":["GET"]}}],"collection":[{"href":"https:\/\/www.todoeldia.com\/index.php\/wp-json\/wp\/v2\/posts"}],"about":[{"href":"https:\/\/www.todoeldia.com\/index.php\/wp-json\/wp\/v2\/types\/post"}],"author":[{"embeddable":true,"href":"https:\/\/www.todoeldia.com\/index.php\/wp-json\/wp\/v2\/users\/2"}],"replies":[{"embeddable":true,"href":"https:\/\/www.todoeldia.com\/index.php\/wp-json\/wp\/v2\/comments?post=101686"}],"version-history":[{"count":1,"href":"https:\/\/www.todoeldia.com\/index.php\/wp-json\/wp\/v2\/posts\/101686\/revisions"}],"predecessor-version":[{"id":101688,"href":"https:\/\/www.todoeldia.com\/index.php\/wp-json\/wp\/v2\/posts\/101686\/revisions\/101688"}],"wp:featuredmedia":[{"embeddable":true,"href":"https:\/\/www.todoeldia.com\/index.php\/wp-json\/wp\/v2\/media\/101687"}],"wp:attachment":[{"href":"https:\/\/www.todoeldia.com\/index.php\/wp-json\/wp\/v2\/media?parent=101686"}],"wp:term":[{"taxonomy":"category","embeddable":true,"href":"https:\/\/www.todoeldia.com\/index.php\/wp-json\/wp\/v2\/categories?post=101686"},{"taxonomy":"post_tag","embeddable":true,"href":"https:\/\/www.todoeldia.com\/index.php\/wp-json\/wp\/v2\/tags?post=101686"}],"curies":[{"name":"wp","href":"https:\/\/api.w.org\/{rel}","templated":true}]}}