{"id":10302,"date":"2020-11-04T19:35:05","date_gmt":"2020-11-04T22:35:05","guid":{"rendered":"https:\/\/www.todoeldia.com\/?p=10302"},"modified":"2020-11-04T19:35:06","modified_gmt":"2020-11-04T22:35:06","slug":"saenz-estuvo-con-fernandez-en-el-anuncio-de-la-creacion-de-300-centros-infantiles","status":"publish","type":"post","link":"https:\/\/www.todoeldia.com\/index.php\/2020\/11\/04\/saenz-estuvo-con-fernandez-en-el-anuncio-de-la-creacion-de-300-centros-infantiles\/","title":{"rendered":"S\u00e1enz estuvo con Fern\u00e1ndez en el anuncio de la creaci\u00f3n de 300 centros infantiles"},"content":{"rendered":"\n<p>El mandatario salte\u00f1o asisti\u00f3 al acto realizado en el Museo del Bicentenario de la Casa Rosada donde el Presidente de la Naci\u00f3n anunci\u00f3 la creaci\u00f3n de 300 Centros de Desarrollo Infantil que atender\u00e1n a 28.800 ni\u00f1os de las poblaciones m\u00e1s vulnerables en el marco de la Red de Infraestructura del Cuidado.<\/p>\n\n\n\n<p>En el Museo del Bicentenario de la Casa Rosada,&nbsp;el gobernador Gustavo S\u00e1enz particip\u00f3 del acto encabezado por el presidente de la Naci\u00f3n Alberto Fern\u00e1ndez en el que anunci\u00f3 la creaci\u00f3n de 300 Centros de Desarrollo Infantil que dar\u00e1n atenci\u00f3n integral a 28.800 ni\u00f1os de 45 d\u00edas a 4 a\u00f1os de las poblaciones m\u00e1s vulnerables del pa\u00eds.<\/p>\n\n\n\n<p>\u201cEstamos empezando por donde la urgencia m\u00e1s se expresa\u201d, afirm\u00f3 el Presidente&nbsp;y recalc\u00f3:&nbsp;\u201cSon los lugares que m\u00e1s necesitan en el interior de la Patria y porque tambi\u00e9n queremos que la Patria se desarrolle de otro modo; el \u00faltimo rinc\u00f3n de Jujuy, Salta y de Tierra del Fuego es la Patria y debemos ocuparnos de todos ellos\u201d.<\/p>\n\n\n\n<p>En el acto tambi\u00e9n participaron los ministros nacionales de Obras P\u00fablicas&nbsp;Gabriel Katopodis; de las Mujeres, G\u00e9nero y Diversidad,&nbsp;Elizabeth G\u00f3mez Alcorta, y de Desarrollo Social,&nbsp;Daniel Arroyo.&nbsp;Este \u00faltimo funcionario estuvo la semana pasada en Salta y junto al gobernador S\u00e1enz firmaron un convenio para financiar en la provincia, con fondos del Banco Interamericano de Desarrollo, obras en 37 Centros de Primera Infancia.&nbsp;De este modo,&nbsp;ser\u00e1 posible concretar los espacios seguros, accesibles y de calidad para m\u00e1s de 3200 ni\u00f1os y ni\u00f1as que integran los 64 CPI.<\/p>\n","protected":false},"excerpt":{"rendered":"<p>El mandatario salte\u00f1o asisti\u00f3 al acto realizado en el Museo del Bicentenario de la Casa Rosada donde el Presidente de la Naci\u00f3n anunci\u00f3 la creaci\u00f3n de 300 Centros de Desarrollo Infantil que atender\u00e1n a 28.800 ni\u00f1os de las poblaciones m\u00e1s vulnerables en el marco de la Red de Infraestructura del Cuidado. En el Museo del [&hellip;]<\/p>\n","protected":false},"author":2,"featured_media":10303,"comment_status":"open","ping_status":"open","sticky":false,"template":"","format":"standard","meta":{"tdm_status":"","tdm_grid_status":"","_joinchat":[],"footnotes":""},"categories":[69],"tags":[],"class_list":{"0":"post-10302","1":"post","2":"type-post","3":"status-publish","4":"format-standard","5":"has-post-thumbnail","7":"category-salta"},"amp_enabled":true,"_links":{"self":[{"href":"https:\/\/www.todoeldia.com\/index.php\/wp-json\/wp\/v2\/posts\/10302","targetHints":{"allow":["GET"]}}],"collection":[{"href":"https:\/\/www.todoeldia.com\/index.php\/wp-json\/wp\/v2\/posts"}],"about":[{"href":"https:\/\/www.todoeldia.com\/index.php\/wp-json\/wp\/v2\/types\/post"}],"author":[{"embeddable":true,"href":"https:\/\/www.todoeldia.com\/index.php\/wp-json\/wp\/v2\/users\/2"}],"replies":[{"embeddable":true,"href":"https:\/\/www.todoeldia.com\/index.php\/wp-json\/wp\/v2\/comments?post=10302"}],"version-history":[{"count":1,"href":"https:\/\/www.todoeldia.com\/index.php\/wp-json\/wp\/v2\/posts\/10302\/revisions"}],"predecessor-version":[{"id":10304,"href":"https:\/\/www.todoeldia.com\/index.php\/wp-json\/wp\/v2\/posts\/10302\/revisions\/10304"}],"wp:featuredmedia":[{"embeddable":true,"href":"https:\/\/www.todoeldia.com\/index.php\/wp-json\/wp\/v2\/media\/10303"}],"wp:attachment":[{"href":"https:\/\/www.todoeldia.com\/index.php\/wp-json\/wp\/v2\/media?parent=10302"}],"wp:term":[{"taxonomy":"category","embeddable":true,"href":"https:\/\/www.todoeldia.com\/index.php\/wp-json\/wp\/v2\/categories?post=10302"},{"taxonomy":"post_tag","embeddable":true,"href":"https:\/\/www.todoeldia.com\/index.php\/wp-json\/wp\/v2\/tags?post=10302"}],"curies":[{"name":"wp","href":"https:\/\/api.w.org\/{rel}","templated":true}]}}