{"id":10317,"date":"2020-11-04T20:35:41","date_gmt":"2020-11-04T23:35:41","guid":{"rendered":"https:\/\/www.todoeldia.com\/?p=10317"},"modified":"2020-11-04T20:35:42","modified_gmt":"2020-11-04T23:35:42","slug":"taxistas-se-movilizaran-en-contra-del-ingreso-de-uber-en-salta","status":"publish","type":"post","link":"https:\/\/www.todoeldia.com\/index.php\/2020\/11\/04\/taxistas-se-movilizaran-en-contra-del-ingreso-de-uber-en-salta\/","title":{"rendered":"Taxistas se movilizar\u00e1n en contra del ingreso de Uber en Salta"},"content":{"rendered":"\n<p>SiPeTaX inform\u00f3 que la semana que viene se tomar\u00e1n medidas de alerta y movilizaci\u00f3n en contra de la llegada de la empresa extranjera a la provincia.<\/p>\n\n\n\n<p>Taxistas se movilizar\u00e1n la semana que viene en contra de la llegada de Uber a Salta.<\/p>\n\n\n\n<p>La aplicaci\u00f3n extranjera busca instalarse en la provincia fomentando la competencia desleal y el transporte ilegal ya que la misma no est\u00e1 avalada por la Autoridad Metropolitana de Transporte (AMT).<\/p>\n\n\n\n<p>&#8220;Por la pandemia nos hemos visto privados de poder trabajar de forma normal y adem\u00e1s de luchar contra los remises ilegales ahora se suma Uber&#8221;, indic\u00f3 el titular de SIPeTaX, Alfredo Carrizo.<\/p>\n\n\n\n<p>M\u00e1s de 10 mil familias quedar\u00edan en la calle si esta empresa se instala aqu\u00ed, afirm\u00f3 Carrizo a la vez que inst\u00f3 a los compa\u00f1eros del volante a no descargar la aplicaci\u00f3n y a sumarse a la lucha.<\/p>\n\n\n\n<p>Vamos a tomar todas las medidas sindicales correspondientes para sostener el sistema de transporte impropio legal que hoy en d\u00eda tenemos y con el que muchos trabajadores llevan el pan a la mesa.<\/p>\n\n\n\n<p>En la oportunidad Carrizo record\u00f3 que Uber plantea un sistema irregular en donde los choferes no cumplen con las medidas de seguridad dispuestas por la AMT, lo cual no garantiza un servicio adecuado para el usuario.<\/p>\n","protected":false},"excerpt":{"rendered":"<p>SiPeTaX inform\u00f3 que la semana que viene se tomar\u00e1n medidas de alerta y movilizaci\u00f3n en contra de la llegada de la empresa extranjera a la provincia. Taxistas se movilizar\u00e1n la semana que viene en contra de la llegada de Uber a Salta. La aplicaci\u00f3n extranjera busca instalarse en la provincia fomentando la competencia desleal y [&hellip;]<\/p>\n","protected":false},"author":2,"featured_media":10318,"comment_status":"open","ping_status":"open","sticky":false,"template":"","format":"standard","meta":{"tdm_status":"","tdm_grid_status":"","_joinchat":[],"footnotes":""},"categories":[69],"tags":[],"class_list":{"0":"post-10317","1":"post","2":"type-post","3":"status-publish","4":"format-standard","5":"has-post-thumbnail","7":"category-salta"},"amp_enabled":true,"_links":{"self":[{"href":"https:\/\/www.todoeldia.com\/index.php\/wp-json\/wp\/v2\/posts\/10317","targetHints":{"allow":["GET"]}}],"collection":[{"href":"https:\/\/www.todoeldia.com\/index.php\/wp-json\/wp\/v2\/posts"}],"about":[{"href":"https:\/\/www.todoeldia.com\/index.php\/wp-json\/wp\/v2\/types\/post"}],"author":[{"embeddable":true,"href":"https:\/\/www.todoeldia.com\/index.php\/wp-json\/wp\/v2\/users\/2"}],"replies":[{"embeddable":true,"href":"https:\/\/www.todoeldia.com\/index.php\/wp-json\/wp\/v2\/comments?post=10317"}],"version-history":[{"count":1,"href":"https:\/\/www.todoeldia.com\/index.php\/wp-json\/wp\/v2\/posts\/10317\/revisions"}],"predecessor-version":[{"id":10319,"href":"https:\/\/www.todoeldia.com\/index.php\/wp-json\/wp\/v2\/posts\/10317\/revisions\/10319"}],"wp:featuredmedia":[{"embeddable":true,"href":"https:\/\/www.todoeldia.com\/index.php\/wp-json\/wp\/v2\/media\/10318"}],"wp:attachment":[{"href":"https:\/\/www.todoeldia.com\/index.php\/wp-json\/wp\/v2\/media?parent=10317"}],"wp:term":[{"taxonomy":"category","embeddable":true,"href":"https:\/\/www.todoeldia.com\/index.php\/wp-json\/wp\/v2\/categories?post=10317"},{"taxonomy":"post_tag","embeddable":true,"href":"https:\/\/www.todoeldia.com\/index.php\/wp-json\/wp\/v2\/tags?post=10317"}],"curies":[{"name":"wp","href":"https:\/\/api.w.org\/{rel}","templated":true}]}}