{"id":10400,"date":"2020-11-05T12:27:54","date_gmt":"2020-11-05T15:27:54","guid":{"rendered":"https:\/\/www.todoeldia.com\/?p=10400"},"modified":"2020-11-05T12:27:55","modified_gmt":"2020-11-05T15:27:55","slug":"en-villa-ballester-dos-ladrones-robaron-un-auto-en-el-que-viajaba-un-chico-en-silla-de-ruedas","status":"publish","type":"post","link":"https:\/\/www.todoeldia.com\/index.php\/2020\/11\/05\/en-villa-ballester-dos-ladrones-robaron-un-auto-en-el-que-viajaba-un-chico-en-silla-de-ruedas\/","title":{"rendered":"En Villa Ballester, dos ladrones robaron un auto en el que viajaba un chico en silla de ruedas"},"content":{"rendered":"\n<p>A punta de pistola amenazaron a una de las v\u00edctimas y escaparon en el veh\u00edculo. La violenta escena fue registrada por una c\u00e1mara de seguridad.<\/p>\n\n\n\n<p>Una&nbsp;dram\u00e1tica escena&nbsp;se vivi\u00f3 este martes por la tarde en la localidad de&nbsp;Villa Ballester, partido de San Mart\u00edn, y todo qued\u00f3 grabado en una c\u00e1mara de seguridad. Un vecino comparti\u00f3 las im\u00e1genes en el portal de periodismo ciudadano.<\/p>\n\n\n\n<figure class=\"wp-block-embed-youtube wp-block-embed is-type-video is-provider-youtube wp-embed-aspect-16-9 wp-has-aspect-ratio\"><div class=\"wp-block-embed__wrapper\">\n<iframe loading=\"lazy\" title=\"Villa Ballester: Le robaron la camioneta que usaba para viajar con silla de ruedas\" width=\"696\" height=\"392\" src=\"https:\/\/www.youtube.com\/embed\/SLDF3mIZy_k?feature=oembed&#038;enablejsapi=1\" frameborder=\"0\" allow=\"accelerometer; autoplay; clipboard-write; encrypted-media; gyroscope; picture-in-picture\" allowfullscreen><\/iframe>\n<\/div><\/figure>\n\n\n\n<p>Eran las siete y media de la tarde cuando un auto blanco estacion\u00f3 sobre la calle Sarmiento entre Alvear y Lavalle. A \u00e9l se acerc\u00f3 un hombre que sali\u00f3 desde el interior de una casa y se par\u00f3 frente a la mujer que manejaba. En ese mismo momento pasaron caminando dos hombres, que terminaron siendo los&nbsp;delincuentes.<\/p>\n\n\n\n<p>El delincuente de campera roja se acerc\u00f3 a su v\u00edctima y&nbsp;lo agarr\u00f3 del cuello, mientras lo amenazaba con un arma. El otro abri\u00f3 la puerta y se subi\u00f3 al veh\u00edculo.<\/p>\n\n\n\n<p>La&nbsp;conductora baj\u00f3, fue hasta el ba\u00fal, sac\u00f3 una silla de ruedas y ayud\u00f3 a bajar al joven que estaba sentado en el interior del auto.<\/p>\n\n\n\n<p>Los ladrones tuvieron un problema con el auto porque arrancaron y se les fren\u00f3. Pero r\u00e1pidamente lo solucionaron y escaparon a toda velocidad. Todo esto ante la mirada resignada de las tres&nbsp;v\u00edctimas.<\/p>\n","protected":false},"excerpt":{"rendered":"<p>A punta de pistola amenazaron a una de las v\u00edctimas y escaparon en el veh\u00edculo. La violenta escena fue registrada por una c\u00e1mara de seguridad. Una&nbsp;dram\u00e1tica escena&nbsp;se vivi\u00f3 este martes por la tarde en la localidad de&nbsp;Villa Ballester, partido de San Mart\u00edn, y todo qued\u00f3 grabado en una c\u00e1mara de seguridad. Un vecino comparti\u00f3 las [&hellip;]<\/p>\n","protected":false},"author":2,"featured_media":10401,"comment_status":"open","ping_status":"open","sticky":false,"template":"","format":"standard","meta":{"tdm_status":"","tdm_grid_status":"","_joinchat":[],"footnotes":""},"categories":[73],"tags":[],"class_list":{"0":"post-10400","1":"post","2":"type-post","3":"status-publish","4":"format-standard","5":"has-post-thumbnail","7":"category-noticias-general"},"amp_enabled":true,"_links":{"self":[{"href":"https:\/\/www.todoeldia.com\/index.php\/wp-json\/wp\/v2\/posts\/10400","targetHints":{"allow":["GET"]}}],"collection":[{"href":"https:\/\/www.todoeldia.com\/index.php\/wp-json\/wp\/v2\/posts"}],"about":[{"href":"https:\/\/www.todoeldia.com\/index.php\/wp-json\/wp\/v2\/types\/post"}],"author":[{"embeddable":true,"href":"https:\/\/www.todoeldia.com\/index.php\/wp-json\/wp\/v2\/users\/2"}],"replies":[{"embeddable":true,"href":"https:\/\/www.todoeldia.com\/index.php\/wp-json\/wp\/v2\/comments?post=10400"}],"version-history":[{"count":1,"href":"https:\/\/www.todoeldia.com\/index.php\/wp-json\/wp\/v2\/posts\/10400\/revisions"}],"predecessor-version":[{"id":10402,"href":"https:\/\/www.todoeldia.com\/index.php\/wp-json\/wp\/v2\/posts\/10400\/revisions\/10402"}],"wp:featuredmedia":[{"embeddable":true,"href":"https:\/\/www.todoeldia.com\/index.php\/wp-json\/wp\/v2\/media\/10401"}],"wp:attachment":[{"href":"https:\/\/www.todoeldia.com\/index.php\/wp-json\/wp\/v2\/media?parent=10400"}],"wp:term":[{"taxonomy":"category","embeddable":true,"href":"https:\/\/www.todoeldia.com\/index.php\/wp-json\/wp\/v2\/categories?post=10400"},{"taxonomy":"post_tag","embeddable":true,"href":"https:\/\/www.todoeldia.com\/index.php\/wp-json\/wp\/v2\/tags?post=10400"}],"curies":[{"name":"wp","href":"https:\/\/api.w.org\/{rel}","templated":true}]}}