{"id":10450,"date":"2020-11-05T19:33:21","date_gmt":"2020-11-05T22:33:21","guid":{"rendered":"https:\/\/www.todoeldia.com\/?p=10450"},"modified":"2020-11-05T19:33:23","modified_gmt":"2020-11-05T22:33:23","slug":"salta-estara-conectada-con-todos-los-hospitales-del-pais","status":"publish","type":"post","link":"https:\/\/www.todoeldia.com\/index.php\/2020\/11\/05\/salta-estara-conectada-con-todos-los-hospitales-del-pais\/","title":{"rendered":"Salta estar\u00e1 conectada con todos los hospitales del Pa\u00eds"},"content":{"rendered":"\n<p>S\u00e1enz particip\u00f3 del acto virtual en el que el Jefe de Gabinete y el Ministro de Salud de Naci\u00f3n presentaron Impulsa, para que a partir de convenios con todas las jurisdicciones, se implementen la historia cl\u00ednica digital, la receta electr\u00f3nica, la telemedicina y la conectividad de toda la oferta p\u00fablica de los servicios de salud.<\/p>\n\n\n\n<p>\u201cEste programa da la posibilidad de conectar a todos y cada uno&nbsp;de los hospitales del pa\u00eds\u201d, indic\u00f3 el gobernador Gustavo S\u00e1enz durante la presentaci\u00f3n del Programa Federal de Salud Digital Impulsa, que realizaron virtualmente el jefe de Gabinete Santiago Cafiero y el ministro de Salud Gin\u00e9s Gonz\u00e1lez Garc\u00eda.<\/p>\n\n\n\n<p>Por este programa, la Naci\u00f3n invertir\u00e1 $5.000 millones para implementar la Historia Cl\u00ednica Digital en establecimientos de salud de las provincias, conectividad a internet y computadoras, hardware, software, asistencia t\u00e9cnica, capacitaci\u00f3n, conectividad en el per\u00edodo 2020-2023.<\/p>\n\n\n\n<p>El mandatario salte\u00f1o destac\u00f3 la importancia del programa, sobre todo \u201cen provincias con geograf\u00edas completamente distintas, como las de Salta donde hay kil\u00f3metros a centros de salud y hospitales cabeceras\u201d.<\/p>\n\n\n\n<p>En esta consideraci\u00f3n y al valorar la conectividad a internet que se da a los hospitales, dijo que \u201cda la posibilidad de que los m\u00e9dicos de los lugares y parajes m\u00e1s alejados puedan hacer interconsultas que muchas veces salvan vidas\u201d.<\/p>\n\n\n\n<p>Destac\u00f3 el trabajo con el Gobierno nacional, ya que \u201cdurante todo el a\u00f1o lo hemos hecho de manera conjunta\u201d, al igual que con los otros gobernadores.<\/p>\n\n\n\n<p>Subray\u00f3 la decisi\u00f3n del Ministro de Salud de Naci\u00f3n al inicio de la pandemia de centralizar la compra de respiradores y distribuirlos equitativamente de acuerdo a las necesidades de cada provincia. Aclar\u00f3 que en Salta \u201cno los hemos necesitado, a pesar de haber pasado por un periodo de stress del sistema sanitario\u201d.<\/p>\n\n\n\n<p>\u201cEs muy importante esta iniciativa para que los sistemas p\u00fablicos de las provincias dialoguen con el gobierno nacional, y para que se interrelacionen con los sistemas privados. As\u00ed se puede generar una gran nube de acceso a todos los datos; como historias cl\u00ednicas, recetas digitales y seguimientos de pacientes\u201d afirm\u00f3 el jefe de Gabinete. A\u00f1adi\u00f3: \u201cla coordinaci\u00f3n entre lo nacional, provincial y municipal es muy valiosa y pone en eje la salud p\u00fablica, como parte de una pol\u00edtica para cambiarle la calidad de vida a los argentinos y argentinas\u201d.<\/p>\n\n\n\n<p>El ministro de Salud de Naci\u00f3n subray\u00f3 que \u201cse trata de un programa de digitalizaci\u00f3n de todo el sistema de salud que se extender\u00e1 hasta 2023, con una inversi\u00f3n de 5 mil millones de pesos\u201d y ampli\u00f3: \u201cPermitir\u00e1 mejorar la gesti\u00f3n general del sistema de las enfermedades, de los pacientes y de los propios servicios lo cual es fundamental y por ello valoramos la gran participaci\u00f3n de los gobernadores durante la presentaci\u00f3n\u201d.<\/p>\n\n\n\n<p><strong>El Programa<\/strong><br>El Programa Federal de Salud Digital Impulsa promueve la transformaci\u00f3n digital del sistema sanitario para mejorar el cuidado de la salud.<\/p>\n\n\n\n<p>Permitir\u00e1 que la historia cl\u00ednica electr\u00f3nica se ponga en marcha en 4000 establecimientos de salud del pa\u00eds, que tambi\u00e9n acceder\u00e1n a internet y se los dotar\u00e1 10000 computadoras.<\/p>\n\n\n\n<p>Se extender\u00e1 el uso de la telemedicina para la poblaci\u00f3n sin obra social con la entrega de m\u00e1s de 170 kg de telesalud.<br>Se firmar\u00e1n los convenios respectivos con las 23 provincias y CBA para la implementaci\u00f3n de la agenda de salud digital.<\/p>\n\n\n\n<p>Adem\u00e1s de gobernadores, participaron el secretario de Equidad en Salud Martin Sabignoso y la directora nacional de Telesalud, Celeste Savignano.<\/p>\n","protected":false},"excerpt":{"rendered":"<p>S\u00e1enz particip\u00f3 del acto virtual en el que el Jefe de Gabinete y el Ministro de Salud de Naci\u00f3n presentaron Impulsa, para que a partir de convenios con todas las jurisdicciones, se implementen la historia cl\u00ednica digital, la receta electr\u00f3nica, la telemedicina y la conectividad de toda la oferta p\u00fablica de los servicios de salud. [&hellip;]<\/p>\n","protected":false},"author":2,"featured_media":10451,"comment_status":"open","ping_status":"open","sticky":false,"template":"","format":"standard","meta":{"tdm_status":"","tdm_grid_status":"","_joinchat":[],"footnotes":""},"categories":[69],"tags":[],"class_list":{"0":"post-10450","1":"post","2":"type-post","3":"status-publish","4":"format-standard","5":"has-post-thumbnail","7":"category-salta"},"amp_enabled":true,"_links":{"self":[{"href":"https:\/\/www.todoeldia.com\/index.php\/wp-json\/wp\/v2\/posts\/10450","targetHints":{"allow":["GET"]}}],"collection":[{"href":"https:\/\/www.todoeldia.com\/index.php\/wp-json\/wp\/v2\/posts"}],"about":[{"href":"https:\/\/www.todoeldia.com\/index.php\/wp-json\/wp\/v2\/types\/post"}],"author":[{"embeddable":true,"href":"https:\/\/www.todoeldia.com\/index.php\/wp-json\/wp\/v2\/users\/2"}],"replies":[{"embeddable":true,"href":"https:\/\/www.todoeldia.com\/index.php\/wp-json\/wp\/v2\/comments?post=10450"}],"version-history":[{"count":1,"href":"https:\/\/www.todoeldia.com\/index.php\/wp-json\/wp\/v2\/posts\/10450\/revisions"}],"predecessor-version":[{"id":10452,"href":"https:\/\/www.todoeldia.com\/index.php\/wp-json\/wp\/v2\/posts\/10450\/revisions\/10452"}],"wp:featuredmedia":[{"embeddable":true,"href":"https:\/\/www.todoeldia.com\/index.php\/wp-json\/wp\/v2\/media\/10451"}],"wp:attachment":[{"href":"https:\/\/www.todoeldia.com\/index.php\/wp-json\/wp\/v2\/media?parent=10450"}],"wp:term":[{"taxonomy":"category","embeddable":true,"href":"https:\/\/www.todoeldia.com\/index.php\/wp-json\/wp\/v2\/categories?post=10450"},{"taxonomy":"post_tag","embeddable":true,"href":"https:\/\/www.todoeldia.com\/index.php\/wp-json\/wp\/v2\/tags?post=10450"}],"curies":[{"name":"wp","href":"https:\/\/api.w.org\/{rel}","templated":true}]}}