{"id":10477,"date":"2020-11-06T09:32:39","date_gmt":"2020-11-06T12:32:39","guid":{"rendered":"https:\/\/www.todoeldia.com\/?p=10477"},"modified":"2020-11-06T09:33:38","modified_gmt":"2020-11-06T12:33:38","slug":"vaqueros-cuatro-detenidos-por-una-tentativa-de-homicidio","status":"publish","type":"post","link":"https:\/\/www.todoeldia.com\/index.php\/2020\/11\/06\/vaqueros-cuatro-detenidos-por-una-tentativa-de-homicidio\/","title":{"rendered":"Vaqueros: cuatro detenidos por una tentativa de homicidio"},"content":{"rendered":"\n<p>Un&nbsp;menor y tres mayores se encuentran detenidos por un hecho ocurrido el pasado fin de semana en la localidad, cuando un hombre de 26 a\u00f1os result\u00f3 herido con un arma blanca en el contexto de una pelea. El menor est\u00e1 acusado como autor y los mayores como part\u00edcipes secundarios.<\/p>\n\n\n\n<p>&nbsp;La&nbsp;fiscal penal 1 de la Unidad de Graves Atentados contra las Personas, Ana In\u00e9s Salinas Odorisio, imput\u00f3 a&nbsp;un menor de 16 a\u00f1os como autor del delito de tentativa de homicidio&nbsp;en perjuicio de Facundo Mart\u00edn Vera. A&nbsp;Mat\u00edas Emanuel Flores, Pablo Gast\u00f3n Tolaba y Pablo Angel Javier Sumbay como part\u00edcipes secundarios del mismo delito.<\/p>\n\n\n\n<p>Ocurri\u00f3\u00a0el pasado fin de semana en la intersecci\u00f3n de calles San Mart\u00edn y Los Tarcos de Vaqueros, cuando\u00a0dos grupos de personas iniciaron una gresca. En ese marco,\u00a0el menor de edad hiri\u00f3 con un arma blanca en la clav\u00edcula a la v\u00edctima y para ello, cont\u00f3 con la participaci\u00f3n de los otros acusados, seg\u00fan pudo comprobarse a trav\u00e9s de los testimonios recogidos.<\/p>\n\n\n\n<p>Los cuatro detenidos, tras su imputaci\u00f3n,\u00a0prestaron declaraci\u00f3n y con sus dichos, trataron de desvincularse del hecho.<\/p>\n","protected":false},"excerpt":{"rendered":"<p>Un&nbsp;menor y tres mayores se encuentran detenidos por un hecho ocurrido el pasado fin de semana en la localidad, cuando un hombre de 26 a\u00f1os result\u00f3 herido con un arma blanca en el contexto de una pelea. El menor est\u00e1 acusado como autor y los mayores como part\u00edcipes secundarios. &nbsp;La&nbsp;fiscal penal 1 de la Unidad [&hellip;]<\/p>\n","protected":false},"author":2,"featured_media":10478,"comment_status":"open","ping_status":"open","sticky":false,"template":"","format":"standard","meta":{"tdm_status":"","tdm_grid_status":"","_joinchat":[],"footnotes":""},"categories":[63],"tags":[],"class_list":{"0":"post-10477","1":"post","2":"type-post","3":"status-publish","4":"format-standard","5":"has-post-thumbnail","7":"category-policiales"},"amp_enabled":true,"_links":{"self":[{"href":"https:\/\/www.todoeldia.com\/index.php\/wp-json\/wp\/v2\/posts\/10477","targetHints":{"allow":["GET"]}}],"collection":[{"href":"https:\/\/www.todoeldia.com\/index.php\/wp-json\/wp\/v2\/posts"}],"about":[{"href":"https:\/\/www.todoeldia.com\/index.php\/wp-json\/wp\/v2\/types\/post"}],"author":[{"embeddable":true,"href":"https:\/\/www.todoeldia.com\/index.php\/wp-json\/wp\/v2\/users\/2"}],"replies":[{"embeddable":true,"href":"https:\/\/www.todoeldia.com\/index.php\/wp-json\/wp\/v2\/comments?post=10477"}],"version-history":[{"count":2,"href":"https:\/\/www.todoeldia.com\/index.php\/wp-json\/wp\/v2\/posts\/10477\/revisions"}],"predecessor-version":[{"id":10480,"href":"https:\/\/www.todoeldia.com\/index.php\/wp-json\/wp\/v2\/posts\/10477\/revisions\/10480"}],"wp:featuredmedia":[{"embeddable":true,"href":"https:\/\/www.todoeldia.com\/index.php\/wp-json\/wp\/v2\/media\/10478"}],"wp:attachment":[{"href":"https:\/\/www.todoeldia.com\/index.php\/wp-json\/wp\/v2\/media?parent=10477"}],"wp:term":[{"taxonomy":"category","embeddable":true,"href":"https:\/\/www.todoeldia.com\/index.php\/wp-json\/wp\/v2\/categories?post=10477"},{"taxonomy":"post_tag","embeddable":true,"href":"https:\/\/www.todoeldia.com\/index.php\/wp-json\/wp\/v2\/tags?post=10477"}],"curies":[{"name":"wp","href":"https:\/\/api.w.org\/{rel}","templated":true}]}}