{"id":10547,"date":"2020-11-06T19:17:45","date_gmt":"2020-11-06T22:17:45","guid":{"rendered":"https:\/\/www.todoeldia.com\/?p=10547"},"modified":"2020-11-06T19:17:46","modified_gmt":"2020-11-06T22:17:46","slug":"medicamentos-tras-detectar-subas-de-hasta-1-000-el-gobierno-fijo-precios-maximos","status":"publish","type":"post","link":"https:\/\/www.todoeldia.com\/index.php\/2020\/11\/06\/medicamentos-tras-detectar-subas-de-hasta-1-000-el-gobierno-fijo-precios-maximos\/","title":{"rendered":"Medicamentos: tras detectar subas de hasta 1.000%, el Gobierno fij\u00f3 precios m\u00e1ximos"},"content":{"rendered":"\n<p>La decisi\u00f3n se tom\u00f3 por medio de una resoluci\u00f3n conjunta del Ministerio de Salud y de la Secretar\u00eda de Comercio Interior, publicada este mi\u00e9rcoles en el Bolet\u00edn Oficial<\/p>\n\n\n\n<p>El&nbsp;Gobierno retrotrajo hoy los precios de los medicamentos a los valores vigentes entre julio y agosto \u00faltimos, y a la vez dispuso precios m\u00e1ximos para los pr\u00f3ximos cinco meses,&nbsp;luego de detectarse incrementos de hasta el 1.000%.<\/p>\n\n\n\n<p>La decisi\u00f3n se tom\u00f3 por medio de una resoluci\u00f3n conjunta del Ministerio de Salud y de la Secretar\u00eda de Comercio Interior, publicada este mi\u00e9rcoles en el Bolet\u00edn Oficial.<\/p>\n\n\n\n<p>&nbsp;Seg\u00fan el Poder Ejecutivo, las autoridades de las carteras sanitarias provinciales &#8220;han manifestado a su par nacional su preocupaci\u00f3n por el incremento de los precios de los productos cr\u00edticos para atender los pacientes que se encuentran internados en terapia intensiva para los casos COVID -19&#8221;.<\/p>\n","protected":false},"excerpt":{"rendered":"<p>La decisi\u00f3n se tom\u00f3 por medio de una resoluci\u00f3n conjunta del Ministerio de Salud y de la Secretar\u00eda de Comercio Interior, publicada este mi\u00e9rcoles en el Bolet\u00edn Oficial El&nbsp;Gobierno retrotrajo hoy los precios de los medicamentos a los valores vigentes entre julio y agosto \u00faltimos, y a la vez dispuso precios m\u00e1ximos para los pr\u00f3ximos [&hellip;]<\/p>\n","protected":false},"author":2,"featured_media":10548,"comment_status":"open","ping_status":"open","sticky":false,"template":"","format":"standard","meta":{"tdm_status":"","tdm_grid_status":"","_joinchat":[],"footnotes":""},"categories":[73],"tags":[],"class_list":{"0":"post-10547","1":"post","2":"type-post","3":"status-publish","4":"format-standard","5":"has-post-thumbnail","7":"category-noticias-general"},"amp_enabled":true,"_links":{"self":[{"href":"https:\/\/www.todoeldia.com\/index.php\/wp-json\/wp\/v2\/posts\/10547","targetHints":{"allow":["GET"]}}],"collection":[{"href":"https:\/\/www.todoeldia.com\/index.php\/wp-json\/wp\/v2\/posts"}],"about":[{"href":"https:\/\/www.todoeldia.com\/index.php\/wp-json\/wp\/v2\/types\/post"}],"author":[{"embeddable":true,"href":"https:\/\/www.todoeldia.com\/index.php\/wp-json\/wp\/v2\/users\/2"}],"replies":[{"embeddable":true,"href":"https:\/\/www.todoeldia.com\/index.php\/wp-json\/wp\/v2\/comments?post=10547"}],"version-history":[{"count":1,"href":"https:\/\/www.todoeldia.com\/index.php\/wp-json\/wp\/v2\/posts\/10547\/revisions"}],"predecessor-version":[{"id":10549,"href":"https:\/\/www.todoeldia.com\/index.php\/wp-json\/wp\/v2\/posts\/10547\/revisions\/10549"}],"wp:featuredmedia":[{"embeddable":true,"href":"https:\/\/www.todoeldia.com\/index.php\/wp-json\/wp\/v2\/media\/10548"}],"wp:attachment":[{"href":"https:\/\/www.todoeldia.com\/index.php\/wp-json\/wp\/v2\/media?parent=10547"}],"wp:term":[{"taxonomy":"category","embeddable":true,"href":"https:\/\/www.todoeldia.com\/index.php\/wp-json\/wp\/v2\/categories?post=10547"},{"taxonomy":"post_tag","embeddable":true,"href":"https:\/\/www.todoeldia.com\/index.php\/wp-json\/wp\/v2\/tags?post=10547"}],"curies":[{"name":"wp","href":"https:\/\/api.w.org\/{rel}","templated":true}]}}