{"id":10565,"date":"2020-11-07T08:50:12","date_gmt":"2020-11-07T11:50:12","guid":{"rendered":"https:\/\/www.todoeldia.com\/?p=10565"},"modified":"2020-11-07T08:50:13","modified_gmt":"2020-11-07T11:50:13","slug":"murio-fernando-pino-solanas-en-paris-de-coronavirus","status":"publish","type":"post","link":"https:\/\/www.todoeldia.com\/index.php\/2020\/11\/07\/murio-fernando-pino-solanas-en-paris-de-coronavirus\/","title":{"rendered":"Muri\u00f3 Fernando &#8220;Pino&#8221; Solanas en Par\u00eds de coronavirus"},"content":{"rendered":"\n<p>Fue director de cine y hab\u00eda sido designado como embajador en la UNESCO.<\/p>\n\n\n\n<p>El embajador argentino ante la Unesco, Fernando &#8220;Pino&#8221; Solanas,&nbsp;falleci\u00f3 esta madrugada en Par\u00eds, Francia,&nbsp;donde recib\u00eda un tratamiento por coronavirus, inform\u00f3 esta madrugada la Canciller\u00eda.<\/p>\n\n\n\n<p>&nbsp;&#8220;Enorme dolor por Pino Solanas. Muri\u00f3 en cumplimiento de sus funciones como embajador de Argentina ante la Unesco&#8221;, indic\u00f3 el Palacio San Mart\u00edn en su cuenta oficial de Twitter.<\/p>\n\n\n\n<p>&nbsp;&#8220;Ser\u00e1 recordado por su arte, por su compromiso pol\u00edtico y por su \u00e9tica puesta siempre al servicio de un pa\u00eds mejor. Un abrazo a su familia y sus amigos&#8221;, agrega la publicaci\u00f3n.<\/p>\n\n\n\n<p>&nbsp;A&nbsp;mediados de octubre, el exsenador nacional inform\u00f3 -a trav\u00e9s de su cuenta de Twitter- que&nbsp;hab\u00eda dado positivo en coronavirus&nbsp;y que estaba internado en un hospital de Par\u00eds, donde est\u00e1 ubicada la sede de este organismo de la ONU para la educaci\u00f3n, la ciencia y la cultura.<\/p>\n\n\n\n<p>&nbsp;El exlegislador poste\u00f3 junto con ese \u00faltimo mensaje una foto en la que se mostraba en reposo en una cama de terapia intensiva, mientras permanec\u00eda aislado y recib\u00eda tratamiento.<\/p>\n\n\n\n<p>&nbsp;Cineasta, ex diputado nacional, ex senador y principal referente de la agrupaci\u00f3n Proyecto Sur que integra el Frente de Todos,&nbsp;Solanas ten\u00eda 84 a\u00f1os&nbsp;y se encuentra en el grupo de riesgo etario m\u00e1s expuesto ante el coronavirus.<\/p>\n","protected":false},"excerpt":{"rendered":"<p>Fue director de cine y hab\u00eda sido designado como embajador en la UNESCO. El embajador argentino ante la Unesco, Fernando &#8220;Pino&#8221; Solanas,&nbsp;falleci\u00f3 esta madrugada en Par\u00eds, Francia,&nbsp;donde recib\u00eda un tratamiento por coronavirus, inform\u00f3 esta madrugada la Canciller\u00eda. &nbsp;&#8220;Enorme dolor por Pino Solanas. Muri\u00f3 en cumplimiento de sus funciones como embajador de Argentina ante la Unesco&#8221;, [&hellip;]<\/p>\n","protected":false},"author":2,"featured_media":10566,"comment_status":"open","ping_status":"open","sticky":false,"template":"","format":"standard","meta":{"tdm_status":"","tdm_grid_status":"","_joinchat":[],"footnotes":""},"categories":[65],"tags":[],"class_list":{"0":"post-10565","1":"post","2":"type-post","3":"status-publish","4":"format-standard","5":"has-post-thumbnail","7":"category-coronavirus"},"amp_enabled":true,"_links":{"self":[{"href":"https:\/\/www.todoeldia.com\/index.php\/wp-json\/wp\/v2\/posts\/10565","targetHints":{"allow":["GET"]}}],"collection":[{"href":"https:\/\/www.todoeldia.com\/index.php\/wp-json\/wp\/v2\/posts"}],"about":[{"href":"https:\/\/www.todoeldia.com\/index.php\/wp-json\/wp\/v2\/types\/post"}],"author":[{"embeddable":true,"href":"https:\/\/www.todoeldia.com\/index.php\/wp-json\/wp\/v2\/users\/2"}],"replies":[{"embeddable":true,"href":"https:\/\/www.todoeldia.com\/index.php\/wp-json\/wp\/v2\/comments?post=10565"}],"version-history":[{"count":1,"href":"https:\/\/www.todoeldia.com\/index.php\/wp-json\/wp\/v2\/posts\/10565\/revisions"}],"predecessor-version":[{"id":10567,"href":"https:\/\/www.todoeldia.com\/index.php\/wp-json\/wp\/v2\/posts\/10565\/revisions\/10567"}],"wp:featuredmedia":[{"embeddable":true,"href":"https:\/\/www.todoeldia.com\/index.php\/wp-json\/wp\/v2\/media\/10566"}],"wp:attachment":[{"href":"https:\/\/www.todoeldia.com\/index.php\/wp-json\/wp\/v2\/media?parent=10565"}],"wp:term":[{"taxonomy":"category","embeddable":true,"href":"https:\/\/www.todoeldia.com\/index.php\/wp-json\/wp\/v2\/categories?post=10565"},{"taxonomy":"post_tag","embeddable":true,"href":"https:\/\/www.todoeldia.com\/index.php\/wp-json\/wp\/v2\/tags?post=10565"}],"curies":[{"name":"wp","href":"https:\/\/api.w.org\/{rel}","templated":true}]}}