{"id":10568,"date":"2020-11-07T09:27:27","date_gmt":"2020-11-07T12:27:27","guid":{"rendered":"https:\/\/www.todoeldia.com\/?p=10568"},"modified":"2020-11-07T09:27:28","modified_gmt":"2020-11-07T12:27:28","slug":"cristina-vs-alberto-primer-round-por-nicolas-winazki","status":"publish","type":"post","link":"https:\/\/www.todoeldia.com\/index.php\/2020\/11\/07\/cristina-vs-alberto-primer-round-por-nicolas-winazki\/","title":{"rendered":"Cristina vs Alberto: primer round. Por Nicol\u00e1s Wi\u00f1azki"},"content":{"rendered":"\n<p>Desde que la vicepresidenta Cristina Kirchner hizo p\u00fablica una carta en la que habl\u00f3 sobre diversos temas del que en los hechos es su propio Gobierno,&nbsp;un escrito con frases cr\u00edticas y mensajes negativos para el Presidente,&nbsp;expl\u00edcitos y no tanto para quienes no forman parte de la coalici\u00f3n de Gobierno,&nbsp;\u00e9l y ella dejaron de hablarse. Lo admiten fuentes calificadas del Frente de Todos.<\/p>\n\n\n\n<p>Empezaron entonces acciones pol\u00edticas y declaraciones a los medios de dirigentes de ambos sectores del Frente de Todos que son una&nbsp;muestra inequ\u00edvoca de una disputa de poder creciente. El caso de la postulaci\u00f3n del juez&nbsp;Daniel Rafecas,&nbsp;candidato a la Procuraci\u00f3n General de la Naci\u00f3n, propuesto como dictan las normas por la Casa Rosada para que su pliego sea aprobado por el Senado, es un&nbsp;ejemplo brutal&nbsp;de esta nueva din\u00e1mica de confrontaci\u00f3n entre aliados y con final abierto.<\/p>\n\n\n\n<p>La falta de consenso&nbsp;para lograr designar a Rafecas como jefe de todos los fiscales&nbsp;es un problema.&nbsp;Fern\u00e1ndez (Cristina) resiste a ese candidato elegido por el Presidente. La discusi\u00f3n ya tom\u00f3 estado p\u00fablico. Dej\u00f3 de ser una interna que se jugaba en privado entre la mujer y el hombre con m\u00e1s poder del pa\u00eds. Despu\u00e9s de meses de&nbsp;\u201cdormir\u201d&nbsp;el tratamiento del pliego de Rafecas en el Senado, Cristina ya dej\u00f3 en claro que&nbsp;prefiere a otro jurista&nbsp;para encabezar el Ministerio P\u00fablico Fiscal.<\/p>\n\n\n\n<p>La ex diputada&nbsp;Elisa Carri\u00f3 sacudi\u00f3 a la oposici\u00f3n&nbsp;cuando convoc\u00f3 a sus socios de Juntos por el Cambio a votar por Rafecas a pesar de que ella misma le hab\u00eda iniciado un juicio pol\u00edtico en el Consejo de la Magistratura. Su teor\u00eda es \u00e9sta:&nbsp;\u201cRafecas es el mal menor. Si no votamos por \u00e9l, Cristina aprovechar\u00e1 para presionar al Presidente a elegir a un Procurador militante que le permita controlar a todos los fiscales federales\u201d.<\/p>\n\n\n\n<p>El conflicto estall\u00f3 pero no entre los opositores. Estall\u00f3 entre el Presidente y su vice<\/p>\n\n\n\n<p>Ahora que Juntos por el Cambio podr\u00eda aportar los votos necesarios que se necesitan para aprobar con dos tercios de los legisladores de la C\u00e1mara alta al postulante a Procurador,&nbsp;\u00bfpor qu\u00e9 la vice resiste a darle curso a esa candidatura de su oficialismo?<\/p>\n\n\n\n<p>Est\u00e1 dicho:&nbsp;ese juez no es de su simpat\u00eda. Esa distancia se gener\u00f3 hace una d\u00e9cada:&nbsp;Rafecas orden\u00f3 allanar el departamento&nbsp;del entonces vice Amado Boudou en el marco de la causa Ciccone.<\/p>\n\n\n\n<p>Desoyendo a las normas, y al propio Presidente, la titular del Senado orden\u00f3 a su mayor\u00eda autom\u00e1tica peronista del Congreso que presente un proyecto&nbsp;para cambiar las reglas actuales que estipulan c\u00f3mo se nombra al Procurador.&nbsp;Quiere que este paso crucial para la Justicia se produzca sin necesidad de que sean necesarios dos tercios de los votos para lograr esa designaci\u00f3n.<\/p>\n\n\n\n<p>La pelea con la Casa Rosada por esta cuesti\u00f3n,&nbsp;de muy delicada institucionalidad,&nbsp;se debate ahora en los medios. Ins\u00f3lito. Dos de las funcionarias nacionales de mayor confianza del Presidente, la secretaria Legal y T\u00e9cnica,&nbsp;Vilma Ibarra; y la ministra de Justicia,&nbsp;Marcela Losardo, ratificaron en entrevistas que la candidatura de Rafecas sigue firme. La vice considera a esas dos dirigentes como rivales debido a que fueron cr\u00edticas de su gesti\u00f3n. Dijo Losardo el mi\u00e9rcoles pasado:&nbsp;\u201cEsperemos que el Senado acompa\u00f1e la candidatura para el procurador propuesta por el Presidente\u201d.<\/p>\n\n\n\n<p>Dej\u00f3 en claro as\u00ed que es el Senado de Cristina el que resiste designar a Rafecas como jefe de los fiscales sobre todo desde que Carri\u00f3 y parte de la oposici\u00f3n podr\u00edan acompa\u00f1ar a ese proyecto del Presidente: \u201cEs valioso cualquier apoyo, no solo el de Carri\u00f3.&nbsp;Necesitamos tener procurador.&nbsp;No me sorprenden los que piensan diferente, los recibimos pero siempre en el marco del derecho\u201d.<\/p>\n\n\n\n<p>De un modo sorpresivo, o no tanto, quien sali\u00f3 a cruzar a la ministra fue uno de los voceros informales de Cristina, el ex radical y hoy ultra K,&nbsp;Leopoldo Moreau. Con su ret\u00f3rica siempre afilada, confirm\u00f3 el enojo que desde el \u201ccristinismo\u201d tiene con Losardo:&nbsp;\u201cLo extra\u00f1o es que la ministra haya aparecido solamente para esto&nbsp;(por Rafecas). Estamos debatiendo cuestiones judiciales, como el caso Stornelli, la situaci\u00f3n del procurador Casal (por Eduardo Casal, actual Procurador interino considerado un enemigo por la vicepresidenta) y la reforma de la Justicia&#8230;\u201d<\/p>\n\n\n\n<p>Otra senadora nacional, tambi\u00e9n \u201ccristinista\u201d,&nbsp;Mar\u00eda de los \u00c1ngeles Sacnun, fue m\u00e1s all\u00e1 y ratific\u00f3 que antes de tratar el caso Rafecas el Senado, con mayor\u00eda alineada a Cristina, quiere modificar el modo de elegir al Procurador. Peque\u00f1a provocaci\u00f3n: Rafecas ya hizo p\u00fablico que si eso ocurre \u00e9l se bajar\u00e1 de su candidatura. Fue un gesto que aport\u00f3 sensatez y dignidad&nbsp;en medio de la dislocada coyuntura parlamentaria.<\/p>\n\n\n\n<p>&nbsp;\u201cNi siquiera me llamaron para convocarme a la primera audiencia en el Congreso\u201d,&nbsp;se asombra Rafecas en la intimidad, seg\u00fan reconstruyeron fuentes que hablaron con \u00e9l en los \u00faltimos d\u00edas.<\/p>\n\n\n\n<p>El dilema es de soluci\u00f3n imposible: el Procurador General de la Naci\u00f3n&nbsp;s\u00f3lo puede ser elegido si el Presidente de la Rep\u00fablica&nbsp;postula ante el Senado a un candidato para ese puesto, y logra despu\u00e9s su nombramiento definitivo si lo votan los dos tercios de los senadores.&nbsp;La interna en el oficialismo es expl\u00edcita&nbsp;y empieza a afectar a una de las instituciones de la Justicia.<\/p>\n\n\n\n<p>Seg\u00fan se desprende de lo dicho por Moreau y Sancnum, la vicepresidenta resiste al juez elegido por Fern\u00e1ndez&nbsp;como si ella formara parte de la oposici\u00f3n y no del oficialismo.&nbsp;Este choque de opiniones es solo uno m\u00e1s entre un Presidente y su vice que tensaron como nunca antes su vinculo pol\u00edtico. Las consecuencia de sus disidencias provocar\u00e1 mas conflictos en el poder.&nbsp;Pronto.<\/p>\n","protected":false},"excerpt":{"rendered":"<p>Desde que la vicepresidenta Cristina Kirchner hizo p\u00fablica una carta en la que habl\u00f3 sobre diversos temas del que en los hechos es su propio Gobierno,&nbsp;un escrito con frases cr\u00edticas y mensajes negativos para el Presidente,&nbsp;expl\u00edcitos y no tanto para quienes no forman parte de la coalici\u00f3n de Gobierno,&nbsp;\u00e9l y ella dejaron de hablarse. Lo [&hellip;]<\/p>\n","protected":false},"author":2,"featured_media":10569,"comment_status":"open","ping_status":"open","sticky":false,"template":"","format":"standard","meta":{"tdm_status":"","tdm_grid_status":"","_joinchat":[],"footnotes":""},"categories":[71],"tags":[],"class_list":{"0":"post-10568","1":"post","2":"type-post","3":"status-publish","4":"format-standard","5":"has-post-thumbnail","7":"category-columnistas"},"amp_enabled":true,"_links":{"self":[{"href":"https:\/\/www.todoeldia.com\/index.php\/wp-json\/wp\/v2\/posts\/10568","targetHints":{"allow":["GET"]}}],"collection":[{"href":"https:\/\/www.todoeldia.com\/index.php\/wp-json\/wp\/v2\/posts"}],"about":[{"href":"https:\/\/www.todoeldia.com\/index.php\/wp-json\/wp\/v2\/types\/post"}],"author":[{"embeddable":true,"href":"https:\/\/www.todoeldia.com\/index.php\/wp-json\/wp\/v2\/users\/2"}],"replies":[{"embeddable":true,"href":"https:\/\/www.todoeldia.com\/index.php\/wp-json\/wp\/v2\/comments?post=10568"}],"version-history":[{"count":1,"href":"https:\/\/www.todoeldia.com\/index.php\/wp-json\/wp\/v2\/posts\/10568\/revisions"}],"predecessor-version":[{"id":10570,"href":"https:\/\/www.todoeldia.com\/index.php\/wp-json\/wp\/v2\/posts\/10568\/revisions\/10570"}],"wp:featuredmedia":[{"embeddable":true,"href":"https:\/\/www.todoeldia.com\/index.php\/wp-json\/wp\/v2\/media\/10569"}],"wp:attachment":[{"href":"https:\/\/www.todoeldia.com\/index.php\/wp-json\/wp\/v2\/media?parent=10568"}],"wp:term":[{"taxonomy":"category","embeddable":true,"href":"https:\/\/www.todoeldia.com\/index.php\/wp-json\/wp\/v2\/categories?post=10568"},{"taxonomy":"post_tag","embeddable":true,"href":"https:\/\/www.todoeldia.com\/index.php\/wp-json\/wp\/v2\/tags?post=10568"}],"curies":[{"name":"wp","href":"https:\/\/api.w.org\/{rel}","templated":true}]}}