{"id":105694,"date":"2026-01-19T13:15:43","date_gmt":"2026-01-19T16:15:43","guid":{"rendered":"https:\/\/www.todoeldia.com\/?p=105694"},"modified":"2026-01-19T13:15:44","modified_gmt":"2026-01-19T16:15:44","slug":"el-chaqueno-palavecino-le-contesto-a-jorge-rial-yo-no-tengo-banderas-politicas","status":"publish","type":"post","link":"https:\/\/www.todoeldia.com\/index.php\/2026\/01\/19\/el-chaqueno-palavecino-le-contesto-a-jorge-rial-yo-no-tengo-banderas-politicas\/","title":{"rendered":"El Chaque\u00f1o Palavecino le contest\u00f3 a Jorge Rial: \u201cYo no tengo banderas pol\u00edticas&#8221;"},"content":{"rendered":"\n<p>El m\u00fasico fue tajante al referirse al comentario del periodista, dejando en claro que no recibi\u00f3 remuneraci\u00f3n por compartir escenario con Javier Milei.<\/p>\n\n\n\n<p>El cantante Oscar \u201cChaque\u00f1o\u201d Palavecino se refiri\u00f3 al comentario y burla del periodista Jorge Rial hacia \u00e9l, tras su reciente aparici\u00f3n con el presidente Javier Milei en el Festival Jes\u00fas Mar\u00eda 2026.&nbsp;<\/p>\n\n\n\n<p>Seg\u00fan supo la Agencia Noticias Argentinas, el mandatario argentino se subi\u00f3 al escenario para interpretar \u201cAmor Salvaje\u201d junto al m\u00fasico, el pasado s\u00e1bado 17 de enero. Entre las reacciones que gener\u00f3 su encuentro, trascendi\u00f3 la de Jorge Rial, quien cruz\u00f3 al m\u00fasico en sus redes sociales.<\/p>\n\n\n\n<p>\u201cEl Cheque\u00f1o Palavecino. \u00bfNo era as\u00ed como los bautizaban a los artistas que viven de la del Estado? \u00bfO mejor el Chaque\u00f1o Pagavecino?\u201d, escribi\u00f3 Rial en su cuenta de X.<\/p>\n\n\n\n<p>Tras esta situaci\u00f3n, Chaque\u00f1o Palavecino sali\u00f3 al cruce por la pol\u00e9mica acusaci\u00f3n del periodista y desminti\u00f3 haber recibido dinero por la presentaci\u00f3n.<\/p>\n\n\n\n<p>&#8220;Seguramente m\u00e1s de uno va a hablar. Yo no tengo banderas pol\u00edticas para nada&#8221;, respondi\u00f3 tajante en declaraciones radiales, mientras que sobre la presencia de Milei en Jes\u00fas Mar\u00eda, se\u00f1al\u00f3: &#8220;Sab\u00eda que cantaba y, bueno, es el Presidente de la Naci\u00f3n&#8221;.<\/p>\n\n\n\n<p>Por \u00faltimo, se refiri\u00f3 al comentario de Rial, quien insinu\u00f3 que el artista hab\u00eda recibido alguna remuneraci\u00f3n por compartir escenario con Milei: &#8220;Absolutamente nada. Todas las entradas se han vendido mucho antes de que anuncien que \u00e9l iba, y todas las noches atr\u00e1s sin el presidente se han agotado. No pueden hablar de eso porque nada que ver&#8221;<\/p>\n","protected":false},"excerpt":{"rendered":"<p>El m\u00fasico fue tajante al referirse al comentario del periodista, dejando en claro que no recibi\u00f3 remuneraci\u00f3n por compartir escenario con Javier Milei. El cantante Oscar \u201cChaque\u00f1o\u201d Palavecino se refiri\u00f3 al comentario y burla del periodista Jorge Rial hacia \u00e9l, tras su reciente aparici\u00f3n con el presidente Javier Milei en el Festival Jes\u00fas Mar\u00eda 2026.&nbsp; [&hellip;]<\/p>\n","protected":false},"author":2,"featured_media":105623,"comment_status":"open","ping_status":"open","sticky":false,"template":"","format":"standard","meta":{"tdm_status":"","tdm_grid_status":"","_joinchat":[],"footnotes":""},"categories":[73],"tags":[],"class_list":{"0":"post-105694","1":"post","2":"type-post","3":"status-publish","4":"format-standard","5":"has-post-thumbnail","7":"category-noticias-general"},"amp_enabled":true,"_links":{"self":[{"href":"https:\/\/www.todoeldia.com\/index.php\/wp-json\/wp\/v2\/posts\/105694","targetHints":{"allow":["GET"]}}],"collection":[{"href":"https:\/\/www.todoeldia.com\/index.php\/wp-json\/wp\/v2\/posts"}],"about":[{"href":"https:\/\/www.todoeldia.com\/index.php\/wp-json\/wp\/v2\/types\/post"}],"author":[{"embeddable":true,"href":"https:\/\/www.todoeldia.com\/index.php\/wp-json\/wp\/v2\/users\/2"}],"replies":[{"embeddable":true,"href":"https:\/\/www.todoeldia.com\/index.php\/wp-json\/wp\/v2\/comments?post=105694"}],"version-history":[{"count":1,"href":"https:\/\/www.todoeldia.com\/index.php\/wp-json\/wp\/v2\/posts\/105694\/revisions"}],"predecessor-version":[{"id":105695,"href":"https:\/\/www.todoeldia.com\/index.php\/wp-json\/wp\/v2\/posts\/105694\/revisions\/105695"}],"wp:featuredmedia":[{"embeddable":true,"href":"https:\/\/www.todoeldia.com\/index.php\/wp-json\/wp\/v2\/media\/105623"}],"wp:attachment":[{"href":"https:\/\/www.todoeldia.com\/index.php\/wp-json\/wp\/v2\/media?parent=105694"}],"wp:term":[{"taxonomy":"category","embeddable":true,"href":"https:\/\/www.todoeldia.com\/index.php\/wp-json\/wp\/v2\/categories?post=105694"},{"taxonomy":"post_tag","embeddable":true,"href":"https:\/\/www.todoeldia.com\/index.php\/wp-json\/wp\/v2\/tags?post=105694"}],"curies":[{"name":"wp","href":"https:\/\/api.w.org\/{rel}","templated":true}]}}