{"id":105702,"date":"2026-01-19T18:30:49","date_gmt":"2026-01-19T21:30:49","guid":{"rendered":"https:\/\/www.todoeldia.com\/?p=105702"},"modified":"2026-01-19T18:30:50","modified_gmt":"2026-01-19T21:30:50","slug":"un-grupo-comando-asalto-una-vivienda-en-rosario-de-la-frontera","status":"publish","type":"post","link":"https:\/\/www.todoeldia.com\/index.php\/2026\/01\/19\/un-grupo-comando-asalto-una-vivienda-en-rosario-de-la-frontera\/","title":{"rendered":"Un grupo comando asalto una vivienda en Rosario de la Frontera"},"content":{"rendered":"\n<p>La ciudad de Rosario de la Frontera atraviesa horas de conmoci\u00f3n luego de un asalto de extrema violencia ocurrido durante la madrugada del domingo. Alrededor de las 3, un grupo de delincuentes fuertemente armados irrumpi\u00f3 en una vivienda particular tras derribar la puerta con un ariete y hacerse pasar por efectivos de la Polic\u00eda Federal.<\/p>\n\n\n\n<p>Dentro del domicilio, los asaltantes redujeron, ataron y golpearon brutalmente a los ocupantes, a quienes amenazaron con armas de fuego. Los due\u00f1os de la casa estaban de vacaciones; en el lugar se encontraban sus hijos, que resultaron heridos pero se encuentran fuera de peligro.<\/p>\n\n\n\n<p>Los delincuentes huyeron en un Peugeot 208, con una importante suma de dinero, joyas y documentaci\u00f3n. La modalidad, el nivel de planificaci\u00f3n y la violencia empleada refuerzan la hip\u00f3tesis de una banda organizada con informaci\u00f3n previa sobre sus v\u00edctimas.<\/p>\n\n\n\n<p>Fuentes de la investigaci\u00f3n no descartan v\u00ednculos con otro robo similar ocurrido recientemente en el barrio El Mundial, tambi\u00e9n contra una familia comerciante ausente por vacaciones.<\/p>\n\n\n\n<p>Ante la gravedad del hecho, las familias afectadas solicitaron la colaboraci\u00f3n de vecinos y comerciantes que cuenten con c\u00e1maras privadas, ya que la falta de registros urbanos habr\u00eda dificultado la pesquisa. La causa se maneja con hermetismo y ya es considerada una de las m\u00e1s graves registradas en los \u00faltimos a\u00f1os en la ciudad, mientras crece el reclamo por mayor seguridad y presencia policial.<\/p>\n","protected":false},"excerpt":{"rendered":"<p>La ciudad de Rosario de la Frontera atraviesa horas de conmoci\u00f3n luego de un asalto de extrema violencia ocurrido durante la madrugada del domingo. Alrededor de las 3, un grupo de delincuentes fuertemente armados irrumpi\u00f3 en una vivienda particular tras derribar la puerta con un ariete y hacerse pasar por efectivos de la Polic\u00eda Federal. [&hellip;]<\/p>\n","protected":false},"author":2,"featured_media":105703,"comment_status":"open","ping_status":"open","sticky":false,"template":"","format":"standard","meta":{"tdm_status":"","tdm_grid_status":"","_joinchat":[],"footnotes":""},"categories":[73],"tags":[],"class_list":{"0":"post-105702","1":"post","2":"type-post","3":"status-publish","4":"format-standard","5":"has-post-thumbnail","7":"category-noticias-general"},"amp_enabled":true,"_links":{"self":[{"href":"https:\/\/www.todoeldia.com\/index.php\/wp-json\/wp\/v2\/posts\/105702","targetHints":{"allow":["GET"]}}],"collection":[{"href":"https:\/\/www.todoeldia.com\/index.php\/wp-json\/wp\/v2\/posts"}],"about":[{"href":"https:\/\/www.todoeldia.com\/index.php\/wp-json\/wp\/v2\/types\/post"}],"author":[{"embeddable":true,"href":"https:\/\/www.todoeldia.com\/index.php\/wp-json\/wp\/v2\/users\/2"}],"replies":[{"embeddable":true,"href":"https:\/\/www.todoeldia.com\/index.php\/wp-json\/wp\/v2\/comments?post=105702"}],"version-history":[{"count":1,"href":"https:\/\/www.todoeldia.com\/index.php\/wp-json\/wp\/v2\/posts\/105702\/revisions"}],"predecessor-version":[{"id":105704,"href":"https:\/\/www.todoeldia.com\/index.php\/wp-json\/wp\/v2\/posts\/105702\/revisions\/105704"}],"wp:featuredmedia":[{"embeddable":true,"href":"https:\/\/www.todoeldia.com\/index.php\/wp-json\/wp\/v2\/media\/105703"}],"wp:attachment":[{"href":"https:\/\/www.todoeldia.com\/index.php\/wp-json\/wp\/v2\/media?parent=105702"}],"wp:term":[{"taxonomy":"category","embeddable":true,"href":"https:\/\/www.todoeldia.com\/index.php\/wp-json\/wp\/v2\/categories?post=105702"},{"taxonomy":"post_tag","embeddable":true,"href":"https:\/\/www.todoeldia.com\/index.php\/wp-json\/wp\/v2\/tags?post=105702"}],"curies":[{"name":"wp","href":"https:\/\/api.w.org\/{rel}","templated":true}]}}