{"id":10571,"date":"2020-11-07T09:39:32","date_gmt":"2020-11-07T12:39:32","guid":{"rendered":"https:\/\/www.todoeldia.com\/?p=10571"},"modified":"2020-11-07T09:39:33","modified_gmt":"2020-11-07T12:39:33","slug":"era-el-o-yo-por-jesus-rodriguez","status":"publish","type":"post","link":"https:\/\/www.todoeldia.com\/index.php\/2020\/11\/07\/era-el-o-yo-por-jesus-rodriguez\/","title":{"rendered":"\u201cEra \u00e9l, o yo\u201d . Por Jes\u00fas Rodr\u00edguez"},"content":{"rendered":"\n<p>La historia de un pastor de ovejas<\/p>\n\n\n\n<p><strong><u>A\u00f1o 1996 Coranzul\u00ed \u2013 Jujuy.<\/u><\/strong><\/p>\n\n\n\n<p>&nbsp;&nbsp;&nbsp;&nbsp;&nbsp;&nbsp;&nbsp;&nbsp;&nbsp; Esta fue una de esas coberturas period\u00edsticas que hab\u00eda que hacerla si o si, y en el menor tiempo posible. El hecho hab\u00eda ocurrido en Coranzul\u00ed, en pleno altiplano juje\u00f1o, a unos 400 kil\u00f3metros de la capital salte\u00f1a, y a 3.980 sobre el nivel del mar.<\/p>\n\n\n\n<p>&nbsp;&nbsp;&nbsp;&nbsp;&nbsp;&nbsp;&nbsp;&nbsp;&nbsp; Ah\u00ed, Octavio Su\u00e1rez, pele\u00f3 con un puma al que mat\u00f3 de una pu\u00f1alada, cansado porque el felino le com\u00eda sus ovejas. Hasta aqu\u00ed, por las heridas que presentaba Octavio, todos en el pueblo cuando lo vieron llegar, creyeron que se hab\u00eda ca\u00eddo de la bicicleta. Octavio,reci\u00e9n cont\u00f3 su verdad cuando era asistido por un m\u00e9dico en el Hospital de Abra Pampa (Jujuy).<\/p>\n\n\n\n<p>&nbsp;&nbsp;&nbsp;&nbsp;&nbsp;&nbsp;&nbsp;&nbsp;&nbsp; El martes 26 de marzo de 1996, las radios de Salta daban cuenta de un hecho en el que un hombre hab\u00eda peleado cuerpo a cuerpo con un puma para defender su reba\u00f1o. El animal hiri\u00f3 a Octavio Su\u00e1rez en distintas partes del cuerpo por lo que debi\u00f3 ser trasladado de urgencia en una ambulancia desde Coranzul\u00ed hasta Abra Pampa.<\/p>\n\n\n\n<p>&nbsp;&nbsp;&nbsp;&nbsp;&nbsp;&nbsp;&nbsp;&nbsp;&nbsp; No bien se supo en el pueblo que un hombre hab\u00eda peleado con un puma en Coranzul\u00ed, una radio FM local le \u201carranc\u00f3\u201d unas pocas palabras a Octavio y estas &nbsp;fueron reproducidas en medios salte\u00f1os, como en AM-840. El hecho, daba paso para contar una interesante historia y que yo no la ten\u00eda que dejar pasar por alto.<\/p>\n\n\n\n<p>&nbsp;&nbsp;&nbsp;&nbsp;&nbsp;&nbsp;&nbsp;&nbsp;&nbsp; El mi\u00e9rcoles 27 propongo el tema a mis editores en Buenos Aires, y a estos les interes\u00f3 la nota y que si la entregaba el viernes, m\u00e1s tardar a la noche, se publicaba el domingo 31.<\/p>\n\n\n\n<p>&nbsp;&nbsp;&nbsp;&nbsp;&nbsp;&nbsp;&nbsp;&nbsp;&nbsp; El viaje hasta Coranzul\u00ed no era nada sencillo. Hab\u00eda que salir de Salta a las 4 de la madrugada del jueves. Pasar por Purmamarca, luego cruzar las Salinas Grandes y llegar a Susques, para luego seguir hacia el norte por una ruta provincial (enripiada) hasta Coranzul\u00ed y de ah\u00ed seguir hasta el Paraje Alto Laguna, distante unos 70 kil\u00f3metros m\u00e1s adelante.<\/p>\n\n\n\n<p>&nbsp;&nbsp;&nbsp;&nbsp;&nbsp;&nbsp;&nbsp;&nbsp;&nbsp; En Coranzul\u00ed, Mar\u00eda (esposa de Octavio) trabaja como cocinera en la escuela del pueblo, donde ella alquila una pieza, y vive con su peque\u00f1o hijo Fabio durante todo el tiempo de clases. Madre e hijo, regresan al Paraje Alto Laguna, al finalizar el ciclo lectivo. Cuando Octavio quiere visitar (muy de vez en cuando a Mar\u00eda y a Fabio), debe caminar durante un d\u00eda completo, la distancia que los separa.<\/p>\n\n\n\n<p>&nbsp;&nbsp;&nbsp;&nbsp;&nbsp;&nbsp;&nbsp;&nbsp;&nbsp; El mismo mi\u00e9rcoles, por la ma\u00f1ana, en el hospital de Abra Pampa, al pastor le dieronel alta m\u00e9dica despu\u00e9s de ser curadas sus heridas. Llegamos a Coranzul\u00ed cerca de las 14. Pregunt\u00e9 en un comedor <strong>d\u00f3nde queda Alto Laguna<\/strong>. A una humilde mujer le pregunt\u00e9 por Octavio Su\u00e1rez, el pastor de ovejas que hab\u00eda peleado con un puma hace unos d\u00edas. Ella me dice: <strong>\u201cvive all\u00e1 lejos\u201d<\/strong>, se\u00f1alando el norte.<\/p>\n\n\n\n<p>&nbsp;&nbsp;&nbsp;&nbsp;&nbsp;&nbsp;&nbsp;&nbsp;&nbsp; Sin embargo, el destino quiso que no sigui\u00e9ramos el viaje. La misma mujer me asegura: <strong>\u201c\u00bfSabe qu\u00e9? A Octavio lo trajeron este mediod\u00eda desde Abra Pampa, y todav\u00eda est\u00e1 aqu\u00ed<\/strong>, porque est\u00e1 esperando que lo venga a buscar la ambulancia desde Susques para llevarlo hasta su casa\u201d.<\/p>\n\n\n\n<p>&nbsp;&nbsp;&nbsp;&nbsp;&nbsp;&nbsp;&nbsp;&nbsp;&nbsp; Fue tocar el cielo con las manos. Y ah\u00ed estaba yo, cara a cara con Octavio quien estaba con su hijo Favio (de tal solo 5 a\u00f1os de edad), frente a los platos de fideo con salsa y carne de llama, un manjar bien del lugar.<\/p>\n\n\n\n<p>&nbsp;&nbsp;&nbsp;&nbsp;&nbsp;&nbsp;&nbsp;&nbsp; El hombre, alto, delgado y de manos talladas por el duro trabajo que exige la puna, se asombra al ver que un periodista y un fot\u00f3grafo de Clar\u00edn, hayan llegado en su b\u00fasqueda. Tras las presentaciones, le aclar\u00e9 a Octavio que ten\u00edamos poco tiempo para hablar con \u00e9l, hacerle fotos y pegarnos la vuelta a Salta para transmitir el material a Buenos Aires.<\/p>\n\n\n\n<p>&nbsp;&nbsp;&nbsp;&nbsp;&nbsp;&nbsp;&nbsp;&nbsp; Entonces acordamos almorzar en el comedor del lugar mientras yo le realizar\u00eda la entrevista y cuente su historia. Terminado el almuerzo (muy tierna la carne de llama), Jos\u00e9 \u201cPajarito\u201d Figueroa, comenz\u00f3 a tomarle las fotos.<\/p>\n\n\n\n<p>&nbsp;&nbsp;&nbsp;&nbsp;&nbsp;&nbsp;&nbsp;&nbsp;&nbsp; A las 15, emprendimos el regreso a Salta. En el camino, cruzamos la ambulancia que iba en busca de Octavio: \u00a1Qu\u00e9 suerte que llegamos a tiempo!, dije por mis adentro.<\/p>\n\n\n\n<p>&nbsp;&nbsp;&nbsp;&nbsp;&nbsp;&nbsp;&nbsp;&nbsp;&nbsp; El viernes, no pude entregar como quedamos el material a los editores. El regreso fue largo y cansador. Habl\u00e9 con uno de ellos y le dije que el cuerpo central de la nota ya estaba escrito, y que me faltaba un recuadro.<\/p>\n\n\n\n<p>&nbsp;&nbsp;&nbsp;&nbsp;&nbsp;&nbsp;&nbsp;&nbsp;&nbsp; \u201cQue todo el material (incluida las fotos) est\u00e9 ma\u00f1ana s\u00e1bado antes de las 10, en la Redacci\u00f3n de Clar\u00edn, todo va a estar bien\u201d, me dijo un editor. El material estuvo a las 9 de la ma\u00f1ana. Al mediod\u00eda, me confirman que todo se publica \u201cma\u00f1ana domingo\u201d.<\/p>\n\n\n\n<p><strong>\u00a0\u00a0\u00a0\u00a0\u00a0\u00a0\u00a0\u00a0\u00a0\u00a0\u00a0\u00a0\u00a0\u00a0\u00a0\u00a0\u00a0\u00a0\u00a0\u00a0\u00a0\u00a0\u00a0\u00a0\u00a0\u00a0\u00a0\u00a0\u00a0\u00a0\u00a0\u00a0\u00a0\u00a0\u00a0\u00a0\u00a0\u00a0\u00a0\u00a0\u00a0 Jes\u00fas Rodr\u00edguez.<\/strong><\/p>\n\n\n\n<figure class=\"wp-block-image size-large is-resized\"><img loading=\"lazy\" decoding=\"async\" src=\"https:\/\/www.todoeldia.com\/wp-content\/uploads\/2020\/11\/image-2.png\" alt=\"\" class=\"wp-image-10574\" width=\"1056\" height=\"1553\"\/><\/figure>\n\n\n\n<p><strong>Facs\u00edmil Clar\u00edn(Foto: Jos\u00e9 Figueroa)<\/strong><\/p>\n\n\n\n<p>Buenos Aires; domingo 31marzo de 1996<\/p>\n\n\n\n<p>Lo mat\u00f3 de una pu\u00f1alada, despu\u00e9s que el animal lo atac\u00f3 por la espalda<\/p>\n\n\n\n<p><strong>La incre\u00edble historia del pastor de ovejas que luch\u00f3 con un puma<\/strong><\/p>\n\n\n\n<p>Fue en la Puna juje\u00f1a \u2013 El hombre fue a buscar al puma que hab\u00eda matado a sus ovejas \u2013 Pero el animal lo sorprendi\u00f3 \u2013 \u201cUno de los dos ten\u00eda que morir. Era \u00e9l o yo. Y gan\u00e9\u201d, le dijo a Clar\u00edn.<\/p>\n\n\n\n<p>CORANZUL\u00cd, Jujuy &#8211; Enviado especial<\/p>\n\n\n\n<p>&nbsp;&nbsp;&nbsp;&nbsp;&nbsp;&nbsp;&nbsp;&nbsp;&nbsp; \u201cUno de los dos ten\u00eda que morir. <strong>Era \u00e9l o yo\u201d<\/strong>, le dijo a <strong>Clar\u00edn<\/strong>, Octavio Su\u00e1rez (42), que <strong>por tres ovejas<\/strong> que sali\u00f3 a buscar en la monta\u00f1a, mat\u00f3 de una sola pu\u00f1alada a un puma macho que lo hab\u00eda atacado por la espalda en Coranzul\u00ed, su pueblo natal, en la Puna juje\u00f1a.<\/p>\n\n\n\n<p>&nbsp;&nbsp;&nbsp;&nbsp;&nbsp;&nbsp;&nbsp;&nbsp;&nbsp; No es la primera vez que Octavio se topa con un puma. \u201cCon este, <strong>ya mat\u00e9 once<\/strong>, aunque <strong>con los otros fue a los tiros\u201d<\/strong>, cuenta, mientras se acomoda su sombrero negro.<\/p>\n\n\n\n<p>&nbsp;&nbsp;&nbsp;&nbsp;&nbsp;&nbsp;&nbsp;&nbsp;&nbsp; En Coranzul\u00ed (\u201ccoraz\u00f3n azul\u201d, a 2.600 kil\u00f3metros al noroeste de Buenos Aires), la gente tiene la bronca tan alta <strong>como los 3.980 metros de altura<\/strong> en que vive.<\/p>\n\n\n\n<p>&nbsp;&nbsp;&nbsp;&nbsp;&nbsp;&nbsp;&nbsp;&nbsp;&nbsp; Aqu\u00ed, la caza del le\u00f3n americano est\u00e1 <strong>prohibida<\/strong>. \u201cPonen en peligro la vida de los pastores, pero los pumas est\u00e1n <strong>en v\u00edas de extinci\u00f3n<\/strong>\u201d, explica Ra\u00fal Coria, vocal 1\u00ba de la Comisi\u00f3n Municipal.<\/p>\n\n\n\n<ul class=\"wp-block-list\"><li><strong>La familia<\/strong><\/li><\/ul>\n\n\n\n<p>&nbsp;&nbsp;&nbsp;&nbsp;&nbsp;&nbsp;&nbsp;&nbsp;&nbsp; Octavio cuida su majada en el inh\u00f3spito paraje Alto Laguna, donde vive en una casita de piedras con techo de paja y barro torteado. Lo acompa\u00f1an Gapul y Sult\u00e1n, dos perros de raza desdibujada.<\/p>\n\n\n\n<p>&nbsp;&nbsp;&nbsp;&nbsp;&nbsp;&nbsp;&nbsp;&nbsp;&nbsp; A Mar\u00eda (37), su mujer, y Fabio (5), su \u00fanico hijo, 70 <strong>cansadores kil\u00f3metros<\/strong> los separan del <strong>h\u00e9roe de la Puna<\/strong>. Ella es cocinera en la escuela 132 de Coranzul\u00ed, donde alquila una piecita de adobe por <strong>diez pesos al mes<\/strong>.&nbsp;&nbsp;<\/p>\n\n\n\n<p>&nbsp;&nbsp;&nbsp;&nbsp;&nbsp;&nbsp; Si Octavio quiere ir a visitarlos, tiene que caminar casi un d\u00eda. Cuando terminan las clases, la familia se junta en Alto Laguna y se dedica a cuidar las ovejas y cuatro llamas.<\/p>\n\n\n\n<p>&nbsp;&nbsp;&nbsp;&nbsp;&nbsp;&nbsp;&nbsp;&nbsp;&nbsp; A los Su\u00e1rez no les importa la soledad de la monta\u00f1a. Tampoco les molesta tener que cortar la oscuridad con una vela. Pero s\u00ed les preocupa el ataque de los pumas. Por algo en la Puna le dicen <strong>\u201cel da\u00f1o\u201d.<\/strong><\/p>\n\n\n\n<p>&nbsp;&nbsp;&nbsp;&nbsp;&nbsp;&nbsp;&nbsp;&nbsp;&nbsp; Dos semanas atr\u00e1s, Octavio ten\u00eda <strong>110 ovejas<\/strong>. D\u00edas antes de la pelea, ya le faltaban cuatro animales. El domingo 17, al volver a controlar, hab\u00eda 103. Enojado, el pastor se emponch\u00f3, busc\u00f3 un cuchillo y, con Gapul y Sult\u00e1n a sus talones, sali\u00f3 a la monta\u00f1a.<\/p>\n\n\n\n<p>&nbsp;&nbsp;&nbsp;&nbsp;&nbsp;&nbsp;&nbsp;&nbsp;&nbsp; A una hora de camino, los <strong>rastros de sangre<\/strong> le confirmaron que el puma hab\u00eda cazado sus animales y que podr\u00eda estar al acecho entre las tolas, el peque\u00f1o arbusto de los cerros.<\/p>\n\n\n\n<p>&nbsp;&nbsp;&nbsp;&nbsp;&nbsp;&nbsp;&nbsp;&nbsp;&nbsp; \u201cCerca de una bajada de agua dulce (una vertiente), hab\u00eda mucha paja amontonada, y ah\u00ed se perd\u00edan las huellas. Abr\u00ed el pajonal y estaban las tres ovejas sin las tripas\u201d, relata Octavio (<strong>leer En la Puna\u2026<\/strong>)<\/p>\n\n\n\n<ul class=\"wp-block-list\"><li><strong>Cuerpo a cuerpo<\/strong><\/li><\/ul>\n\n\n\n<p>&nbsp;&nbsp;&nbsp;&nbsp;&nbsp;&nbsp;&nbsp;&nbsp;&nbsp; Resignado, decidi\u00f3 volver. Fue entonces cuando los perros pasaron a su lado como escapando de algo.<\/p>\n\n\n\n<p>&nbsp;&nbsp;&nbsp;&nbsp;&nbsp;&nbsp;&nbsp;&nbsp;&nbsp; \u201cMe di vuelta y <strong>el puma ven\u00eda en el aire<\/strong>. Lo \u00fanico que hice fue agarrarle las manos. Qued\u00f3 parado en sus patas. No lo solt\u00e9. Si lo hac\u00eda, <strong>s\u00e9 que me mataba<\/strong>, porque <strong>era m\u00e1s alto que yo\u201d<\/strong>, relata.<\/p>\n\n\n\n<p>&nbsp;&nbsp;&nbsp;&nbsp;&nbsp;&nbsp;&nbsp;&nbsp;&nbsp; Hombre y animal estuvieron frente a frente por un largo rato. <strong>\u201cEl rugido era fuerte<\/strong> y yo rogaba no perder la fuerza \u2013prosigue Octavio-. Pero me mordi\u00f3 la mano izquierda y lo solt\u00e9. <strong>Me tir\u00f3 un zarpazo a la cara<\/strong> que logr\u00e9 esquivar, pero la u\u00f1a cazadora se me clav\u00f3 en el pecho y me toc\u00f3 una costilla.\u201d<\/p>\n\n\n\n<p>&nbsp;&nbsp;&nbsp;&nbsp;&nbsp;&nbsp;&nbsp;&nbsp;&nbsp; Desde ah\u00ed, todo fue r\u00e1pido: \u201cSaco el cuchillo y me tira otro zarpazo a la cara y me lastima, y es ah\u00ed cuando <strong>lo apu\u00f1alo<\/strong> una sola vez en el coraz\u00f3n y lo mato. Era \u00e9l o yo. <strong>Y gan\u00e9\u201d.<\/strong><\/p>\n\n\n\n<p>&nbsp;&nbsp;&nbsp;&nbsp;&nbsp;&nbsp;&nbsp;&nbsp;&nbsp; Octavio se hizo un torniquete en el brazo izquierdo y detuvo la hemorragia. El felino le hab\u00eda dejado siete cortes en la mano, una herida del tama\u00f1o de una nuez en el pecho, un corte en el p\u00f3mulo derecho y otro en el labio superior.<\/p>\n\n\n\n<p>&nbsp;&nbsp;&nbsp;&nbsp;&nbsp;&nbsp;&nbsp;&nbsp;&nbsp; Esa noche durmi\u00f3 en el rancho. Al d\u00eda siguiente emprendi\u00f3 la caminata hacia Coranzul\u00ed. \u201c<strong>El no dijo nada<\/strong>. Pens\u00e9 que se hab\u00eda ca\u00eddo de la bicicleta \u2013 comenta Ra\u00fal Coria-. Lo cont\u00f3 reci\u00e9n cuando fue a atenderse al Hospital de Abra Pampa.\u201d<\/p>\n\n\n\n<p><strong>\u00a0\u00a0\u00a0\u00a0\u00a0\u00a0\u00a0\u00a0\u00a0\u00a0\u00a0\u00a0\u00a0\u00a0\u00a0\u00a0\u00a0\u00a0\u00a0\u00a0\u00a0\u00a0\u00a0\u00a0\u00a0\u00a0\u00a0\u00a0\u00a0\u00a0\u00a0\u00a0\u00a0\u00a0\u00a0\u00a0\u00a0\u00a0\u00a0\u00a0\u00a0\u00a0\u00a0\u00a0\u00a0\u00a0\u00a0\u00a0\u00a0\u00a0\u00a0\u00a0\u00a0\u00a0\u00a0\u00a0\u00a0\u00a0\u00a0\u00a0\u00a0\u00a0\u00a0\u00a0\u00a0\u00a0\u00a0 Jes\u00fas Rodr\u00edguez\u00a0\u00a0\u00a0\u00a0\u00a0\u00a0\u00a0\u00a0\u00a0\u00a0\u00a0\u00a0\u00a0\u00a0\u00a0\u00a0\u00a0\u00a0\u00a0\u00a0\u00a0\u00a0\u00a0\u00a0\u00a0\u00a0\u00a0\u00a0\u00a0\u00a0\u00a0\u00a0\u00a0\u00a0\u00a0\u00a0\u00a0\u00a0<\/strong><\/p>\n\n\n\n<figure class=\"wp-block-image size-large is-resized\"><img loading=\"lazy\" decoding=\"async\" src=\"https:\/\/www.todoeldia.com\/wp-content\/uploads\/2020\/11\/image-1.png\" alt=\"\" class=\"wp-image-10573\" width=\"1064\" height=\"1598\"\/><\/figure>\n\n\n\n<p>Facs\u00edmil Clar\u00edn (foto Jos\u00e9 Figueroa)<\/p>\n\n\n\n<p><strong>En la Puna lo llaman \u201cel da\u00f1o\u201d<\/strong><\/p>\n\n\n\n<p>&nbsp;&nbsp;&nbsp;&nbsp;&nbsp;&nbsp;&nbsp;&nbsp;&nbsp; Amparado por el agreste suelo monta\u00f1oso y escondi\u00e9ndose entre las tolas, el puma llega hasta las ovejas. Puede llegar a cazar diez, pero <strong>s\u00f3lo comer\u00e1 una<\/strong>.<\/p>\n\n\n\n<p>&nbsp;&nbsp;&nbsp;&nbsp;&nbsp;&nbsp;&nbsp;&nbsp;&nbsp; En la Puna le dicen \u201cel da\u00f1o\u201d, ya que \u2013por su lana, su pelo o su carne-, ovejas, cabras y llamas son el principal medio de subsistencia en la Puna. Por eso, cuando \u201chay da\u00f1o\u201d, los pastores salen a buscarlo y lo enfrentan con lo que pueden.<\/p>\n\n\n\n<p>&nbsp;&nbsp;&nbsp;&nbsp;&nbsp;&nbsp;&nbsp;&nbsp;&nbsp; Cuando salen a pastar, los reba\u00f1os caminan largas distancias en busca de una <strong>vega<\/strong>, una vertiente al pie de los cerros, donde crece algo de pasto. Detr\u00e1s va el pastor, a veces un ni\u00f1o o una ni\u00f1a.<\/p>\n\n\n\n<p>&nbsp;&nbsp;&nbsp;&nbsp;&nbsp;&nbsp;&nbsp;&nbsp;&nbsp; Una noche, M\u00e1xima Vel\u00e1zquez (13) sali\u00f3 a buscar cinco cabras. <strong>\u201cEl michi<\/strong> \u2013del quechua <strong>miski<\/strong>, gato, como tambi\u00e9n llaman al puma-, me apareci\u00f3 de frente. Grit\u00e9 fuerte y \u00e9l se asust\u00f3 y se perdi\u00f3 en la oscuridad. Me dio miedo\u201d, confiesa la pastorcita.<\/p>\n\n\n\n<p>&nbsp;&nbsp;&nbsp;&nbsp;&nbsp;&nbsp;&nbsp;&nbsp;&nbsp; A don Ram\u00f3n (67), una yunta de pumas le com\u00eda sus llamas. Un d\u00eda decidi\u00f3 buscarlos y encontr\u00f3 la madriguera con dos cachorros reci\u00e9n nacidos. Los trajo al pueblo como prueba y ahora van a ser llevados al zool\u00f3gico de Jujuy.<\/p>\n\n\n\n<p>&nbsp;&nbsp;&nbsp;&nbsp;&nbsp;&nbsp;&nbsp;&nbsp; Do\u00f1a Pascuala de Siares (54) mat\u00f3 a un puma. La mujer utiliz\u00f3 una t\u00e1ctica del altiplano: moli\u00f3 <strong>hojas de chuscho<\/strong> \u2013un arbusto de la zona y con ellas mech\u00f3 un trozo de carne de llama. La planta <strong>adormece al animal<\/strong>. \u201cCuando le apareci\u00f3, mi se\u00f1ora lo grit\u00f3 \u2013cuenta Tiburcio Siares-. El puma se sent\u00f3, ella <strong>le ech\u00f3 tierra en la cara<\/strong> y le peg\u00f3 con una piedra varias veces\u201d.<\/p>\n\n\n\n<p><strong>&nbsp;&nbsp;&nbsp;&nbsp;&nbsp;&nbsp;&nbsp;&nbsp;&nbsp;&nbsp;&nbsp;&nbsp;&nbsp;&nbsp;&nbsp;&nbsp;&nbsp;&nbsp;&nbsp;&nbsp;&nbsp;&nbsp;&nbsp;&nbsp;&nbsp;&nbsp;&nbsp;&nbsp;&nbsp;&nbsp;&nbsp;&nbsp;&nbsp;&nbsp;&nbsp;&nbsp;&nbsp;&nbsp;&nbsp;&nbsp;&nbsp;&nbsp;&nbsp;&nbsp;&nbsp;&nbsp;&nbsp;&nbsp;&nbsp;&nbsp;&nbsp;&nbsp;&nbsp;&nbsp;&nbsp;&nbsp;&nbsp;&nbsp;&nbsp;&nbsp;&nbsp;&nbsp;&nbsp;&nbsp;&nbsp;&nbsp;&nbsp;&nbsp;&nbsp;&nbsp;&nbsp;&nbsp; Jes\u00fas Rodr\u00edguez<\/strong><\/p>\n\n\n\n<p><strong>\u00a0\u00a0\u00a0\u00a0\u00a0\u00a0\u00a0\u00a0\u00a0\u00a0\u00a0\u00a0\u00a0\u00a0\u00a0\u00a0\u00a0\u00a0\u00a0\u00a0\u00a0\u00a0\u00a0\u00a0\u00a0\u00a0\u00a0\u00a0\u00a0\u00a0\u00a0\u00a0\u00a0\u00a0\u00a0\u00a0\u00a0\u00a0\u00a0\u00a0\u00a0\u00a0\u00a0\u00a0\u00a0\u00a0\u00a0\u00a0\u00a0\u00a0\u00a0\u00a0\u00a0\u00a0\u00a0\u00a0\u00a0\u00a0\u00a0\u00a0\u00a0 Facs\u00edmil Clar\u00edn: foto Jos\u00e9 Figueroa)<\/strong><\/p>\n\n\n\n<figure class=\"wp-block-image size-large is-resized\"><img loading=\"lazy\" decoding=\"async\" src=\"https:\/\/www.todoeldia.com\/wp-content\/uploads\/2020\/11\/image.png\" alt=\"\" class=\"wp-image-10572\" width=\"1062\" height=\"1537\"\/><\/figure>\n\n\n\n<ul class=\"wp-block-list\"><li><strong>\u201cLa vida por el reba\u00f1o\u201d<\/strong><\/li><\/ul>\n\n\n\n<p>&nbsp;&nbsp;&nbsp;&nbsp;&nbsp;&nbsp;&nbsp;&nbsp; \u201cAqu\u00ed, la gente <strong>da su vida por los reba\u00f1os<\/strong>. En todo el departamento Susques \u2013al que pertenece Coranzul\u00ed-, solo <strong>el 4 por ciento de los 8.700 habitantes <\/strong>tiene <strong>trabajo estable<\/strong>. El resto son <strong>familias de pastores<\/strong>\u201d, asegura la maestra Noem\u00ed Gale\u00e1n.<\/p>\n\n\n\n<p>&nbsp;&nbsp;&nbsp;&nbsp;&nbsp;&nbsp;&nbsp;&nbsp;&nbsp; Los datos est\u00e1n extra\u00eddos de un censo que hizo el a\u00f1o pasado la Prelatura de Humahuaca, del que particip\u00f3 el sacerdote Jos\u00e9 Ram\u00f3n, p\u00e1rroco de la iglesia de Abra Pampa, otro de los departamentos de la Puna juje\u00f1a. El <strong>cierre de las principales minas<\/strong> \u2013Pirquitas y Pan de Az\u00facar-, y la baja producci\u00f3n de Mina Aguilar, han influido para que haya <strong>una aguda desocupaci\u00f3n<\/strong> en la zona.<\/p>\n\n\n\n<p>&nbsp;&nbsp;&nbsp;&nbsp;&nbsp;&nbsp;&nbsp;&nbsp;&nbsp; Es notoria la<strong> migraci\u00f3n<\/strong> de j\u00f3venes hacia ciudades y pueblos como La Quiaca, Abra Pampa y Humahuaca. <strong>\u201cEn Coranzul\u00ed vivimos 350 personas<\/strong>, de las cuales 150 son chicos en edad escolar. Una familia tipo tiene como m\u00ednimo cinco hijos\u201d, explica Remigio Soriano (44).<\/p>\n\n\n\n<p>&nbsp;&nbsp;&nbsp;&nbsp;&nbsp;&nbsp;&nbsp;&nbsp;&nbsp; \u201cMal que mal, si no tenemos comida matamos un <strong>cogotudo<\/strong> (la llama macho), y as\u00ed aguantamos varias semanas comiendo esa carne, charqueada\u201d,cuenta Ram\u00f3n Puca. Los pune\u00f1os rara vez sacrifican a una hembra.<\/p>\n\n\n\n<p><strong>&nbsp;&nbsp;&nbsp;&nbsp;&nbsp;&nbsp;&nbsp;&nbsp;&nbsp;&nbsp;&nbsp;&nbsp;&nbsp;&nbsp;&nbsp;&nbsp;&nbsp;&nbsp;&nbsp;&nbsp;&nbsp;&nbsp;&nbsp;&nbsp;&nbsp;&nbsp;&nbsp;&nbsp;&nbsp;&nbsp;&nbsp;&nbsp;&nbsp;&nbsp;&nbsp;&nbsp;&nbsp;&nbsp;&nbsp;&nbsp;&nbsp;&nbsp;&nbsp;&nbsp;&nbsp;&nbsp;&nbsp;&nbsp;&nbsp;&nbsp;&nbsp;&nbsp;&nbsp;&nbsp;&nbsp;&nbsp;&nbsp;&nbsp;&nbsp;&nbsp; Jes\u00fas Rodr\u00edguez<\/strong><\/p>\n\n\n\n<p>\/\/\/\/\/\/\/\/\/\/\/\/\/\/\/\/\/\/\/\/\/\/\/\/\/\/\/\/\/\/\/\/\/\/\/<\/p>\n\n\n\n<p><strong>Pelea de otro siglo<\/strong><\/p>\n\n\n\n<p><strong>Sarmiento y el tigre de Facundo<\/strong><\/p>\n\n\n\n<p>&nbsp;&nbsp;&nbsp;&nbsp;&nbsp;&nbsp;&nbsp;&nbsp;&nbsp; Al hablar de Facundo Quiroga y explicar por qu\u00e9 se lo conoc\u00eda como <strong>El tigre de los llanos<\/strong>, Domingo Faustino Sarmiento dice en su <strong>Facundo<\/strong> que el caudillo riojano hab\u00eda matado a \u201cun tigre cebado\u201d.<\/p>\n\n\n\n<p>&nbsp;&nbsp;&nbsp;&nbsp;&nbsp;&nbsp;&nbsp;&nbsp;&nbsp; Sarmiento cuenta la pelea, ubic\u00e1ndola en un sitio desierto entre San Luis y San Juan, explicando que el joven Quiroga hab\u00eda escapado de San Luis por haber matado a un hombre.<\/p>\n\n\n\n<p>&nbsp;&nbsp;&nbsp;&nbsp;&nbsp;&nbsp;&nbsp;&nbsp;&nbsp; \u201cNuestro pr\u00f3fugo hab\u00eda caminado cosa de seis leguas, cuando crey\u00f3 bramar el tigre a lo lejos y sus fibras se estremecieron (\u2026). Algunos minutos despu\u00e9s, el bramido se oy\u00f3 m\u00e1s distinto y m\u00e1s cercano; el tigre ven\u00eda ya sobre el rastro (\u2026) Era preciso apretar el paso, correr (\u2026) Arrojando la montura a un costado del camino, dirigi\u00f3se el gaucho al \u00e1rbol que hab\u00eda divisado y, no obstante la debilidad de su tronco, felizmente bastante elevado, pudo trepa a su copa (\u2026). Intent\u00f3 la fiera dar un salto impotente, dio vuelta en torno del \u00e1rbol midiendo su altura con ojos enrojecidos por la sed de sangre y al fin, bramando de c\u00f3lera se acost\u00f3 en el suelo, batiendo sin cesar la cola, los ojos fijos en su presa, la boca entreabierta y reseca. Esta escena horrible duraba ya dos horas mortales (\u2026) El lugar del desparramo de la montura le revel\u00f3 el lugar de la escena a sus amigos, y volar a \u00e9l, desenrollar, y echarlos sobre el tigre empacado y ciego de furor, fue la obra de un segundo. La fiera, estirada a dos lazos, no pudo escapar a las pu\u00f1aladas r\u00e1pidas con qu\u00e9, en venganza de su prolongada agon\u00eda, le traspas\u00f3 el que iba a ser su v\u00edctima\u201d.<\/p>\n\n\n\n<p><strong>Fragmento del libro \u201cFacundo\u201d de Domingo Faustino Sarmiento.<\/strong><\/p>\n","protected":false},"excerpt":{"rendered":"<p>La historia de un pastor de ovejas A\u00f1o 1996 Coranzul\u00ed \u2013 Jujuy. &nbsp;&nbsp;&nbsp;&nbsp;&nbsp;&nbsp;&nbsp;&nbsp;&nbsp; Esta fue una de esas coberturas period\u00edsticas que hab\u00eda que hacerla si o si, y en el menor tiempo posible. El hecho hab\u00eda ocurrido en Coranzul\u00ed, en pleno altiplano juje\u00f1o, a unos 400 kil\u00f3metros de la capital salte\u00f1a, y a 3.980 sobre [&hellip;]<\/p>\n","protected":false},"author":2,"featured_media":10575,"comment_status":"open","ping_status":"open","sticky":false,"template":"","format":"standard","meta":{"tdm_status":"","tdm_grid_status":"","_joinchat":[],"footnotes":""},"categories":[71],"tags":[],"class_list":{"0":"post-10571","1":"post","2":"type-post","3":"status-publish","4":"format-standard","5":"has-post-thumbnail","7":"category-columnistas"},"amp_enabled":true,"_links":{"self":[{"href":"https:\/\/www.todoeldia.com\/index.php\/wp-json\/wp\/v2\/posts\/10571","targetHints":{"allow":["GET"]}}],"collection":[{"href":"https:\/\/www.todoeldia.com\/index.php\/wp-json\/wp\/v2\/posts"}],"about":[{"href":"https:\/\/www.todoeldia.com\/index.php\/wp-json\/wp\/v2\/types\/post"}],"author":[{"embeddable":true,"href":"https:\/\/www.todoeldia.com\/index.php\/wp-json\/wp\/v2\/users\/2"}],"replies":[{"embeddable":true,"href":"https:\/\/www.todoeldia.com\/index.php\/wp-json\/wp\/v2\/comments?post=10571"}],"version-history":[{"count":1,"href":"https:\/\/www.todoeldia.com\/index.php\/wp-json\/wp\/v2\/posts\/10571\/revisions"}],"predecessor-version":[{"id":10576,"href":"https:\/\/www.todoeldia.com\/index.php\/wp-json\/wp\/v2\/posts\/10571\/revisions\/10576"}],"wp:featuredmedia":[{"embeddable":true,"href":"https:\/\/www.todoeldia.com\/index.php\/wp-json\/wp\/v2\/media\/10575"}],"wp:attachment":[{"href":"https:\/\/www.todoeldia.com\/index.php\/wp-json\/wp\/v2\/media?parent=10571"}],"wp:term":[{"taxonomy":"category","embeddable":true,"href":"https:\/\/www.todoeldia.com\/index.php\/wp-json\/wp\/v2\/categories?post=10571"},{"taxonomy":"post_tag","embeddable":true,"href":"https:\/\/www.todoeldia.com\/index.php\/wp-json\/wp\/v2\/tags?post=10571"}],"curies":[{"name":"wp","href":"https:\/\/api.w.org\/{rel}","templated":true}]}}