{"id":105713,"date":"2026-01-19T19:09:23","date_gmt":"2026-01-19T22:09:23","guid":{"rendered":"https:\/\/www.todoeldia.com\/?p=105713"},"modified":"2026-01-19T19:09:24","modified_gmt":"2026-01-19T22:09:24","slug":"diego-santilli-visito-salta-y-consiguio-el-apoyo-de-gustavo-saenz-para-la-reforma-laboral-de-milei","status":"publish","type":"post","link":"https:\/\/www.todoeldia.com\/index.php\/2026\/01\/19\/diego-santilli-visito-salta-y-consiguio-el-apoyo-de-gustavo-saenz-para-la-reforma-laboral-de-milei\/","title":{"rendered":"Diego Santilli visit\u00f3 Salta y consigui\u00f3 el apoyo de Gustavo S\u00e1enz para la reforma laboral de Milei"},"content":{"rendered":"\n<p>El ministro del Interior, Diego Santilli, viaj\u00f3 a la provincia de Salta donde se entrevist\u00f3 con el gobernador local, Gustavo S\u00e1enz, con la Reforma Laboral como objetivo primordial.<\/p>\n\n\n\n<p>Seg\u00fan supo la Agencia Noticias Argentinas, el gobernador se comprometi\u00f3 a respaldar el proyecto del oficialismo que busca sumar la mayor cantidad de respaldos posibles que le otorguen un nuevo triunfo legislativo en febrero y le permitan cumplimentar los deseos del presidente Javier Milei.<\/p>\n\n\n\n<p>La lista de apoyos<\/p>\n\n\n\n<p>Fuentes oficiales indicaron a la Agencia Noticias Argentinas que el encuentro con S\u00e1enz fue \u201cmuy positivo\u201d y se\u00f1alaron que el jefe salte\u00f1o \u201cse mostr\u00f3 a favor de acompa\u00f1ar la ley de modernizaci\u00f3n laboral\u201d.<\/p>\n\n\n\n<p>\u201cDe hecho, lo hab\u00eda dejado en claro con una declaraci\u00f3n p\u00fablica en sus redes sociales, donde anticip\u00f3 su apoyo\u201d, recordaron.<\/p>\n\n\n\n<p>Las fuentes destacaron que, tras la reuni\u00f3n de hoy, \u201cya son cuatro los gobernadores que se manifestaron dispuestos a acompa\u00f1ar el tratamiento de la ley, lo que representa un respaldo pol\u00edtico relevante para avanzar con la iniciativa\u201d.<\/p>\n\n\n\n<p>As\u00ed hicieron referencia a los gobernadores Marcelo Orrego, de San Juan; Leandro Zdero, de Chaco, y Alfredo Cornejo, de Mendoza.<\/p>\n\n\n\n<p>Desde la cartera que lidera Santilli revelaron que durante el intercambio, que tuvo lugar en la Gobernaci\u00f3n, ambos funcionarios \u201cvaloraron positivamente las acciones conjuntas articuladas entre el gobierno nacional y provincial, y coincidieron en la necesidad de que se apruebe la reforma laboral\u201d.<\/p>\n\n\n\n<p>Por su parte, el ministro insisti\u00f3 en conferencia de prensa en que &#8220;ning\u00fan gobernador puede estar en contra de una ley que busca generar empleo privado, aumentar la productividad y las inversiones para las provincias y la Argentina\u201d.<\/p>\n\n\n\n<p>Por su parte, S\u00e1enz plante\u00f3 el compromiso de acompa\u00f1ar la \u201cmodernizaci\u00f3n de la legislaci\u00f3n laboral que permita hacer crecer el empleo y beneficie a todas las provincias\u201d. \u201cNo hay que tenerle miedo al cambio ni a avanzar. Son leyes viejas que hay que ir cambiando\u201d, afirm\u00f3, y concluy\u00f3: \u201cTenemos voluntad de di\u00e1logo, de no obstruir y de acompa\u00f1ar\u201d.<\/p>\n\n\n\n<p>Desde principios de enero, Santilli mantiene una agenda&nbsp; marcada por visitas a las provincias: el mi\u00e9rcoles tiene previsto visitar a Rolando Figueroa en Neuqu\u00e9n, y el jueves har\u00e1 lo propio en Entre R\u00edos junto al mandatario Rogelio Frigerio. #AgenciaNA<\/p>\n","protected":false},"excerpt":{"rendered":"<p>El ministro del Interior, Diego Santilli, viaj\u00f3 a la provincia de Salta donde se entrevist\u00f3 con el gobernador local, Gustavo S\u00e1enz, con la Reforma Laboral como objetivo primordial. Seg\u00fan supo la Agencia Noticias Argentinas, el gobernador se comprometi\u00f3 a respaldar el proyecto del oficialismo que busca sumar la mayor cantidad de respaldos posibles que le [&hellip;]<\/p>\n","protected":false},"author":2,"featured_media":105714,"comment_status":"open","ping_status":"open","sticky":false,"template":"","format":"standard","meta":{"tdm_status":"","tdm_grid_status":"","_joinchat":[],"footnotes":""},"categories":[59],"tags":[],"class_list":{"0":"post-105713","1":"post","2":"type-post","3":"status-publish","4":"format-standard","5":"has-post-thumbnail","7":"category-politica"},"amp_enabled":true,"_links":{"self":[{"href":"https:\/\/www.todoeldia.com\/index.php\/wp-json\/wp\/v2\/posts\/105713","targetHints":{"allow":["GET"]}}],"collection":[{"href":"https:\/\/www.todoeldia.com\/index.php\/wp-json\/wp\/v2\/posts"}],"about":[{"href":"https:\/\/www.todoeldia.com\/index.php\/wp-json\/wp\/v2\/types\/post"}],"author":[{"embeddable":true,"href":"https:\/\/www.todoeldia.com\/index.php\/wp-json\/wp\/v2\/users\/2"}],"replies":[{"embeddable":true,"href":"https:\/\/www.todoeldia.com\/index.php\/wp-json\/wp\/v2\/comments?post=105713"}],"version-history":[{"count":1,"href":"https:\/\/www.todoeldia.com\/index.php\/wp-json\/wp\/v2\/posts\/105713\/revisions"}],"predecessor-version":[{"id":105715,"href":"https:\/\/www.todoeldia.com\/index.php\/wp-json\/wp\/v2\/posts\/105713\/revisions\/105715"}],"wp:featuredmedia":[{"embeddable":true,"href":"https:\/\/www.todoeldia.com\/index.php\/wp-json\/wp\/v2\/media\/105714"}],"wp:attachment":[{"href":"https:\/\/www.todoeldia.com\/index.php\/wp-json\/wp\/v2\/media?parent=105713"}],"wp:term":[{"taxonomy":"category","embeddable":true,"href":"https:\/\/www.todoeldia.com\/index.php\/wp-json\/wp\/v2\/categories?post=105713"},{"taxonomy":"post_tag","embeddable":true,"href":"https:\/\/www.todoeldia.com\/index.php\/wp-json\/wp\/v2\/tags?post=105713"}],"curies":[{"name":"wp","href":"https:\/\/api.w.org\/{rel}","templated":true}]}}