{"id":105716,"date":"2026-01-20T10:40:52","date_gmt":"2026-01-20T13:40:52","guid":{"rendered":"https:\/\/www.todoeldia.com\/?p=105716"},"modified":"2026-01-20T10:40:53","modified_gmt":"2026-01-20T13:40:53","slug":"detuvieron-al-conductor-que-atropello-a-una-menor-en-20-de-junio-y-se-dio-a-la-fuga","status":"publish","type":"post","link":"https:\/\/www.todoeldia.com\/index.php\/2026\/01\/20\/detuvieron-al-conductor-que-atropello-a-una-menor-en-20-de-junio-y-se-dio-a-la-fuga\/","title":{"rendered":"Detuvieron al conductor que atropell\u00f3 a una menor en 20 de Junio y se dio a la fuga"},"content":{"rendered":"\n<p>Un hombre fue detenido en barrio 20 de Junio, tras verse involucrado en un siniestro vial y darse a la fuga.<\/p>\n\n\n\n<p>El hecho ocurri\u00f3 en la tarde de ayer lunes 20, en calle Feij\u00f3 al 600, cuando el conductor de un autom\u00f3vil protagoniz\u00f3 un episodio mientras un adulto cruzaba la calle acompa\u00f1ado por una menor quien result\u00f3 con lesiones.<\/p>\n\n\n\n<figure class=\"wp-block-embed is-type-video is-provider-youtube wp-block-embed-youtube wp-embed-aspect-9-16 wp-has-aspect-ratio\"><div class=\"wp-block-embed__wrapper\">\n<div class=\"youtube-embed\" data-video_id=\"\"><iframe loading=\"lazy\" title=\"Barrio 20 de Junio:  Una ni\u00f1a de 5 a\u00f1os fue atropellada por un conductor con alcoholemia positiva\" width=\"563\" height=\"1000\" src=\"https:\/\/www.youtube.com\/embed\/angfEnpxjRQ?feature=oembed&#038;enablejsapi=1\" frameborder=\"0\" allow=\"accelerometer; autoplay; clipboard-write; encrypted-media; gyroscope; picture-in-picture; web-share\" referrerpolicy=\"strict-origin-when-cross-origin\" allowfullscreen><\/iframe><\/div>\n<\/div><\/figure>\n\n\n\n<p>El sujeto fue trasladado a una dependencia policial, donde se le practic\u00f3 el test de alcoholemia, que arroj\u00f3 resultado positivo.<\/p>\n\n\n\n<p>El fiscal penal 4 en feria, Facundo Ruiz de los Llanos solicit\u00f3 la detenci\u00f3n del individuo en atenci\u00f3n a las circunstancias del hecho la que fue concedida por el Juzgado de Garant\u00edas en turno.<\/p>\n\n\n\n<p><\/p>\n","protected":false},"excerpt":{"rendered":"<p>Un hombre fue detenido en barrio 20 de Junio, tras verse involucrado en un siniestro vial y darse a la fuga. El hecho ocurri\u00f3 en la tarde de ayer lunes 20, en calle Feij\u00f3 al 600, cuando el conductor de un autom\u00f3vil protagoniz\u00f3 un episodio mientras un adulto cruzaba la calle acompa\u00f1ado por una menor [&hellip;]<\/p>\n","protected":false},"author":2,"featured_media":105719,"comment_status":"open","ping_status":"open","sticky":false,"template":"","format":"standard","meta":{"tdm_status":"","tdm_grid_status":"","_joinchat":[],"footnotes":""},"categories":[73],"tags":[],"class_list":{"0":"post-105716","1":"post","2":"type-post","3":"status-publish","4":"format-standard","5":"has-post-thumbnail","7":"category-noticias-general"},"amp_enabled":true,"_links":{"self":[{"href":"https:\/\/www.todoeldia.com\/index.php\/wp-json\/wp\/v2\/posts\/105716","targetHints":{"allow":["GET"]}}],"collection":[{"href":"https:\/\/www.todoeldia.com\/index.php\/wp-json\/wp\/v2\/posts"}],"about":[{"href":"https:\/\/www.todoeldia.com\/index.php\/wp-json\/wp\/v2\/types\/post"}],"author":[{"embeddable":true,"href":"https:\/\/www.todoeldia.com\/index.php\/wp-json\/wp\/v2\/users\/2"}],"replies":[{"embeddable":true,"href":"https:\/\/www.todoeldia.com\/index.php\/wp-json\/wp\/v2\/comments?post=105716"}],"version-history":[{"count":1,"href":"https:\/\/www.todoeldia.com\/index.php\/wp-json\/wp\/v2\/posts\/105716\/revisions"}],"predecessor-version":[{"id":105721,"href":"https:\/\/www.todoeldia.com\/index.php\/wp-json\/wp\/v2\/posts\/105716\/revisions\/105721"}],"wp:featuredmedia":[{"embeddable":true,"href":"https:\/\/www.todoeldia.com\/index.php\/wp-json\/wp\/v2\/media\/105719"}],"wp:attachment":[{"href":"https:\/\/www.todoeldia.com\/index.php\/wp-json\/wp\/v2\/media?parent=105716"}],"wp:term":[{"taxonomy":"category","embeddable":true,"href":"https:\/\/www.todoeldia.com\/index.php\/wp-json\/wp\/v2\/categories?post=105716"},{"taxonomy":"post_tag","embeddable":true,"href":"https:\/\/www.todoeldia.com\/index.php\/wp-json\/wp\/v2\/tags?post=105716"}],"curies":[{"name":"wp","href":"https:\/\/api.w.org\/{rel}","templated":true}]}}