{"id":105730,"date":"2026-01-20T11:05:24","date_gmt":"2026-01-20T14:05:24","guid":{"rendered":"https:\/\/www.todoeldia.com\/?p=105730"},"modified":"2026-01-20T11:05:25","modified_gmt":"2026-01-20T14:05:25","slug":"detuvieron-al-delincuente-que-robo-en-un-restaurante-coreano-de-la-espana-al-400","status":"publish","type":"post","link":"https:\/\/www.todoeldia.com\/index.php\/2026\/01\/20\/detuvieron-al-delincuente-que-robo-en-un-restaurante-coreano-de-la-espana-al-400\/","title":{"rendered":"Detuvieron al delincuente que robo en un restaurante coreano de la Espa\u00f1a al 400"},"content":{"rendered":"\n<p>Una investigaci\u00f3n permiti\u00f3 la detenci\u00f3n de un hombre vinculado a dos hechos delictivos ocurridos en distintos comercios de la ciudad de Salta.<\/p>\n\n\n\n<p>Uno de ellos se registr\u00f3 durante la madrugada del jueves 15, en un local gastron\u00f3mico coreano ubicado sobre calle Espa\u00f1a al 400, donde una persona provoc\u00f3 da\u00f1os en la vidriera, ingres\u00f3 al lugar y sustrajo dinero de la caja registradora.<\/p>\n\n\n\n<p>A partir del an\u00e1lisis de registros f\u00edlmicos aportados por comerciantes y c\u00e1maras p\u00fablicas, se logr\u00f3 identificar al sospechoso, quien habr\u00eda actuado con la misma vestimenta en ambos hechos.<\/p>\n\n\n\n<p>Seg\u00fan se pudo establecer, el sospechoso tambi\u00e9n intent\u00f3 ingresar a otro comercio, sin lograr su cometido, aunque ocasion\u00f3 da\u00f1os materiales, quedando tambi\u00e9n registrado por c\u00e1maras de seguridad.<\/p>\n\n\n\n<p>El acusado ser\u00e1 imputado en audiencia prevista para este viernes, donde se le atribuir\u00e1n los delitos de robo y tentativa de robo.<\/p>\n","protected":false},"excerpt":{"rendered":"<p>Una investigaci\u00f3n permiti\u00f3 la detenci\u00f3n de un hombre vinculado a dos hechos delictivos ocurridos en distintos comercios de la ciudad de Salta. Uno de ellos se registr\u00f3 durante la madrugada del jueves 15, en un local gastron\u00f3mico coreano ubicado sobre calle Espa\u00f1a al 400, donde una persona provoc\u00f3 da\u00f1os en la vidriera, ingres\u00f3 al lugar [&hellip;]<\/p>\n","protected":false},"author":2,"featured_media":105731,"comment_status":"open","ping_status":"open","sticky":false,"template":"","format":"standard","meta":{"tdm_status":"","tdm_grid_status":"","_joinchat":[],"footnotes":""},"categories":[73],"tags":[],"class_list":{"0":"post-105730","1":"post","2":"type-post","3":"status-publish","4":"format-standard","5":"has-post-thumbnail","7":"category-noticias-general"},"amp_enabled":true,"_links":{"self":[{"href":"https:\/\/www.todoeldia.com\/index.php\/wp-json\/wp\/v2\/posts\/105730","targetHints":{"allow":["GET"]}}],"collection":[{"href":"https:\/\/www.todoeldia.com\/index.php\/wp-json\/wp\/v2\/posts"}],"about":[{"href":"https:\/\/www.todoeldia.com\/index.php\/wp-json\/wp\/v2\/types\/post"}],"author":[{"embeddable":true,"href":"https:\/\/www.todoeldia.com\/index.php\/wp-json\/wp\/v2\/users\/2"}],"replies":[{"embeddable":true,"href":"https:\/\/www.todoeldia.com\/index.php\/wp-json\/wp\/v2\/comments?post=105730"}],"version-history":[{"count":1,"href":"https:\/\/www.todoeldia.com\/index.php\/wp-json\/wp\/v2\/posts\/105730\/revisions"}],"predecessor-version":[{"id":105732,"href":"https:\/\/www.todoeldia.com\/index.php\/wp-json\/wp\/v2\/posts\/105730\/revisions\/105732"}],"wp:featuredmedia":[{"embeddable":true,"href":"https:\/\/www.todoeldia.com\/index.php\/wp-json\/wp\/v2\/media\/105731"}],"wp:attachment":[{"href":"https:\/\/www.todoeldia.com\/index.php\/wp-json\/wp\/v2\/media?parent=105730"}],"wp:term":[{"taxonomy":"category","embeddable":true,"href":"https:\/\/www.todoeldia.com\/index.php\/wp-json\/wp\/v2\/categories?post=105730"},{"taxonomy":"post_tag","embeddable":true,"href":"https:\/\/www.todoeldia.com\/index.php\/wp-json\/wp\/v2\/tags?post=105730"}],"curies":[{"name":"wp","href":"https:\/\/api.w.org\/{rel}","templated":true}]}}