{"id":105733,"date":"2026-01-20T11:10:24","date_gmt":"2026-01-20T14:10:24","guid":{"rendered":"https:\/\/www.todoeldia.com\/?p=105733"},"modified":"2026-01-20T11:10:25","modified_gmt":"2026-01-20T14:10:25","slug":"detenidos-por-negarse-a-ser-identificados-y-agredir-a-los-policias-en-san-lorenzo","status":"publish","type":"post","link":"https:\/\/www.todoeldia.com\/index.php\/2026\/01\/20\/detenidos-por-negarse-a-ser-identificados-y-agredir-a-los-policias-en-san-lorenzo\/","title":{"rendered":"Detenidos por negarse a ser identificados y agredir a los polic\u00edas en San Lorenzo"},"content":{"rendered":"\n<p>El fiscal penal Ramiro Ramos Ossorio, a trav\u00e9s de la delegaci\u00f3n San Lorenzo, imput\u00f3 de forma provisional a dos hombres de 25 y 31 a\u00f1os como autores de los delitos de atentado a la autoridad, lesiones leves agravadas, da\u00f1os agravados y resistencia a la autoridad, previsto en el art\u00edculo 239 del C\u00f3digo Penal.<\/p>\n\n\n\n<p>El hecho sucedi\u00f3 en la ma\u00f1ana del mi\u00e9rcoles 14 de enero, cuando personal del Departamento de Seguridad Urbana de la Polic\u00eda de Salta realizaba un patrullaje preventivo sobre la ruta provincial 99, a la altura del ingreso al barrio San Rafael, y advirti\u00f3 la presencia sospechosa de dos hombres que se encontraban sentados sobre la ciclov\u00eda.<\/p>\n\n\n\n<p>Al descender del m\u00f3vil policial para proceder a su identificaci\u00f3n, ambos se mostraron reacios a aportar datos personales y adoptaron una conducta hostil. En ese contexto, uno de ellos habr\u00eda agredido f\u00edsicamente al personal policial, propinando golpes de pu\u00f1o, patadas y un cabezazo, adem\u00e1s de proferir amenazas verbales.<\/p>\n\n\n\n<p>Durante el procedimiento y al momento de ser trasladado, el mismo imputado habr\u00eda causado da\u00f1os en el m\u00f3vil policial, afectando el guardabarros trasero y el chasis del veh\u00edculo oficial. El segundo involucrado habr\u00eda ofrecido resistencia activa y amenazas contra los efectivos, con el objetivo de entorpecer el accionar policial.<\/p>\n","protected":false},"excerpt":{"rendered":"<p>El fiscal penal Ramiro Ramos Ossorio, a trav\u00e9s de la delegaci\u00f3n San Lorenzo, imput\u00f3 de forma provisional a dos hombres de 25 y 31 a\u00f1os como autores de los delitos de atentado a la autoridad, lesiones leves agravadas, da\u00f1os agravados y resistencia a la autoridad, previsto en el art\u00edculo 239 del C\u00f3digo Penal. El hecho [&hellip;]<\/p>\n","protected":false},"author":2,"featured_media":70371,"comment_status":"open","ping_status":"open","sticky":false,"template":"","format":"standard","meta":{"tdm_status":"","tdm_grid_status":"","_joinchat":[],"footnotes":""},"categories":[73],"tags":[],"class_list":{"0":"post-105733","1":"post","2":"type-post","3":"status-publish","4":"format-standard","5":"has-post-thumbnail","7":"category-noticias-general"},"amp_enabled":true,"_links":{"self":[{"href":"https:\/\/www.todoeldia.com\/index.php\/wp-json\/wp\/v2\/posts\/105733","targetHints":{"allow":["GET"]}}],"collection":[{"href":"https:\/\/www.todoeldia.com\/index.php\/wp-json\/wp\/v2\/posts"}],"about":[{"href":"https:\/\/www.todoeldia.com\/index.php\/wp-json\/wp\/v2\/types\/post"}],"author":[{"embeddable":true,"href":"https:\/\/www.todoeldia.com\/index.php\/wp-json\/wp\/v2\/users\/2"}],"replies":[{"embeddable":true,"href":"https:\/\/www.todoeldia.com\/index.php\/wp-json\/wp\/v2\/comments?post=105733"}],"version-history":[{"count":1,"href":"https:\/\/www.todoeldia.com\/index.php\/wp-json\/wp\/v2\/posts\/105733\/revisions"}],"predecessor-version":[{"id":105734,"href":"https:\/\/www.todoeldia.com\/index.php\/wp-json\/wp\/v2\/posts\/105733\/revisions\/105734"}],"wp:featuredmedia":[{"embeddable":true,"href":"https:\/\/www.todoeldia.com\/index.php\/wp-json\/wp\/v2\/media\/70371"}],"wp:attachment":[{"href":"https:\/\/www.todoeldia.com\/index.php\/wp-json\/wp\/v2\/media?parent=105733"}],"wp:term":[{"taxonomy":"category","embeddable":true,"href":"https:\/\/www.todoeldia.com\/index.php\/wp-json\/wp\/v2\/categories?post=105733"},{"taxonomy":"post_tag","embeddable":true,"href":"https:\/\/www.todoeldia.com\/index.php\/wp-json\/wp\/v2\/tags?post=105733"}],"curies":[{"name":"wp","href":"https:\/\/api.w.org\/{rel}","templated":true}]}}