{"id":105735,"date":"2026-01-20T11:58:21","date_gmt":"2026-01-20T14:58:21","guid":{"rendered":"https:\/\/www.todoeldia.com\/?p=105735"},"modified":"2026-01-20T11:58:22","modified_gmt":"2026-01-20T14:58:22","slug":"un-grupo-comando-asalto-al-intendente-de-rivadavia-banda-sur-en-su-domicilio","status":"publish","type":"post","link":"https:\/\/www.todoeldia.com\/index.php\/2026\/01\/20\/un-grupo-comando-asalto-al-intendente-de-rivadavia-banda-sur-en-su-domicilio\/","title":{"rendered":"Un grupo comando asalto al intendente de Rivadavia Banda Sur en su domicilio"},"content":{"rendered":"\n<p>La fiscal penal de Pichanal, Sof\u00eda Fuentes, investiga un robo denunciado en una vivienda de la localidad de La Uni\u00f3n, departamento Rivadavia Banda Sur, cuyo damnificado es el intendente Leopoldo Cuenca. El caso es similar al sufrido por el ex intendente de Morillo, Atta Gerala.<\/p>\n\n\n\n<p>De acuerdo a la denuncia, el 19 de enero en horas de la madrugada, el jefe comunal se encontraba en el domicilio junto a su esposa y sus dos hijas adolescentes, cuando varias personas ingresaron a la vivienda.<\/p>\n\n\n\n<figure class=\"wp-block-image size-full is-resized\"><img loading=\"lazy\" decoding=\"async\" width=\"587\" height=\"600\" src=\"https:\/\/www.todoeldia.com\/wp-content\/uploads\/2025\/08\/camioneta-policia-de-salta.jpg\" alt=\"\" class=\"wp-image-98799\" style=\"width:1068px;height:auto\" srcset=\"https:\/\/www.todoeldia.com\/wp-content\/uploads\/2025\/08\/camioneta-policia-de-salta.jpg 587w, https:\/\/www.todoeldia.com\/wp-content\/uploads\/2025\/08\/camioneta-policia-de-salta-294x300.jpg 294w, https:\/\/www.todoeldia.com\/wp-content\/uploads\/2025\/08\/camioneta-policia-de-salta-411x420.jpg 411w, https:\/\/www.todoeldia.com\/wp-content\/uploads\/2025\/08\/camioneta-policia-de-salta-300x307.jpg 300w, https:\/\/www.todoeldia.com\/wp-content\/uploads\/2025\/08\/camioneta-policia-de-salta-356x364.jpg 356w\" sizes=\"auto, (max-width: 587px) 100vw, 587px\" \/><\/figure>\n\n\n\n<p>Seg\u00fan lo manifestado, los intrusos redujeron a la familia, a quienes habr\u00edan atado con s\u00e1banas y apuntado con armas de fuego. Entre los elementos denunciados como sustra\u00eddos figuran dinero en efectivo en pesos y d\u00f3lares, un arma de fuego calibre 9 mil\u00edmetros, un control de port\u00f3n corredizo y otros efectos personales.<\/p>\n\n\n\n<p>Asimismo, se denunci\u00f3 la sustracci\u00f3n de una camioneta y de las c\u00e1maras de seguridad instaladas en el domicilio.<\/p>\n\n\n\n<p>En el marco de la investigaci\u00f3n, la fiscal dispuso numerosas medidas investigativas, entre ellas la intervenci\u00f3n de personal de la Brigada de Investigaciones, el relevamiento del lugar del hecho, la recepci\u00f3n de testimonios, el an\u00e1lisis de c\u00e1maras de video vigilancia p\u00fablicas y privadas, y las diligencias orientadas a identificar a los autores y recuperar los elementos denunciados.<\/p>\n\n\n\n<p>La causa se encuentra en plena etapa investigativa, mientras se contin\u00faa con la recolecci\u00f3n de pruebas y el avance de las diligencias ordenadas.<\/p>\n\n\n\n<p>Un hecho similar se produjo en noviembre de 2021 cuando un grupo comando redujo en su domicilio al intendente de Morillo, Atta Gerala.<\/p>\n\n\n\n<figure class=\"wp-block-image size-large\"><img loading=\"lazy\" decoding=\"async\" width=\"1024\" height=\"576\" src=\"https:\/\/www.todoeldia.com\/wp-content\/uploads\/2026\/01\/image-132-1024x576.png\" alt=\"\" class=\"wp-image-105736\" srcset=\"https:\/\/www.todoeldia.com\/wp-content\/uploads\/2026\/01\/image-132-1024x576.png 1024w, https:\/\/www.todoeldia.com\/wp-content\/uploads\/2026\/01\/image-132-300x169.png 300w, https:\/\/www.todoeldia.com\/wp-content\/uploads\/2026\/01\/image-132-768x432.png 768w, https:\/\/www.todoeldia.com\/wp-content\/uploads\/2026\/01\/image-132-746x420.png 746w, https:\/\/www.todoeldia.com\/wp-content\/uploads\/2026\/01\/image-132-696x392.png 696w, https:\/\/www.todoeldia.com\/wp-content\/uploads\/2026\/01\/image-132-1068x601.png 1068w, https:\/\/www.todoeldia.com\/wp-content\/uploads\/2026\/01\/image-132.png 1155w\" sizes=\"auto, (max-width: 1024px) 100vw, 1024px\" \/><\/figure>\n\n\n\n<p>En esa oportunidad los delincuentes golpearon al jefe comunal y a su mujer y se llevaron varios millones de pesos y una camioneta Toyota que luego apareci\u00f3 incendiada.<\/p>\n","protected":false},"excerpt":{"rendered":"<p>La fiscal penal de Pichanal, Sof\u00eda Fuentes, investiga un robo denunciado en una vivienda de la localidad de La Uni\u00f3n, departamento Rivadavia Banda Sur, cuyo damnificado es el intendente Leopoldo Cuenca. El caso es similar al sufrido por el ex intendente de Morillo, Atta Gerala. De acuerdo a la denuncia, el 19 de enero en [&hellip;]<\/p>\n","protected":false},"author":2,"featured_media":105737,"comment_status":"open","ping_status":"open","sticky":false,"template":"","format":"standard","meta":{"tdm_status":"","tdm_grid_status":"","_joinchat":[],"footnotes":""},"categories":[73],"tags":[],"class_list":{"0":"post-105735","1":"post","2":"type-post","3":"status-publish","4":"format-standard","5":"has-post-thumbnail","7":"category-noticias-general"},"amp_enabled":true,"_links":{"self":[{"href":"https:\/\/www.todoeldia.com\/index.php\/wp-json\/wp\/v2\/posts\/105735","targetHints":{"allow":["GET"]}}],"collection":[{"href":"https:\/\/www.todoeldia.com\/index.php\/wp-json\/wp\/v2\/posts"}],"about":[{"href":"https:\/\/www.todoeldia.com\/index.php\/wp-json\/wp\/v2\/types\/post"}],"author":[{"embeddable":true,"href":"https:\/\/www.todoeldia.com\/index.php\/wp-json\/wp\/v2\/users\/2"}],"replies":[{"embeddable":true,"href":"https:\/\/www.todoeldia.com\/index.php\/wp-json\/wp\/v2\/comments?post=105735"}],"version-history":[{"count":1,"href":"https:\/\/www.todoeldia.com\/index.php\/wp-json\/wp\/v2\/posts\/105735\/revisions"}],"predecessor-version":[{"id":105738,"href":"https:\/\/www.todoeldia.com\/index.php\/wp-json\/wp\/v2\/posts\/105735\/revisions\/105738"}],"wp:featuredmedia":[{"embeddable":true,"href":"https:\/\/www.todoeldia.com\/index.php\/wp-json\/wp\/v2\/media\/105737"}],"wp:attachment":[{"href":"https:\/\/www.todoeldia.com\/index.php\/wp-json\/wp\/v2\/media?parent=105735"}],"wp:term":[{"taxonomy":"category","embeddable":true,"href":"https:\/\/www.todoeldia.com\/index.php\/wp-json\/wp\/v2\/categories?post=105735"},{"taxonomy":"post_tag","embeddable":true,"href":"https:\/\/www.todoeldia.com\/index.php\/wp-json\/wp\/v2\/tags?post=105735"}],"curies":[{"name":"wp","href":"https:\/\/api.w.org\/{rel}","templated":true}]}}