{"id":105742,"date":"2026-01-20T12:22:32","date_gmt":"2026-01-20T15:22:32","guid":{"rendered":"https:\/\/www.todoeldia.com\/?p=105742"},"modified":"2026-01-20T12:22:33","modified_gmt":"2026-01-20T15:22:33","slug":"detienen-a-un-sujeto-que-circulaba-semidesnudo-en-la-plaza-9-de-julio-y-agredio-a-un-policia","status":"publish","type":"post","link":"https:\/\/www.todoeldia.com\/index.php\/2026\/01\/20\/detienen-a-un-sujeto-que-circulaba-semidesnudo-en-la-plaza-9-de-julio-y-agredio-a-un-policia\/","title":{"rendered":"Detienen a un sujeto que circulaba semidesnudo en la plaza 9 de Julio y agredi\u00f3 a un Polic\u00eda"},"content":{"rendered":"\n<p>Fue detectado mientras realizaba exhibiciones obscenas en la plaza 9 de julio y cuando el efectivo intervino, reaccion\u00f3 violentamente, y lo golpe\u00f3.<\/p>\n\n\n\n<p>El fiscal penal Ramiro Ramos Ossorio, imput\u00f3 de forma provisional a un hombre de 37 a\u00f1os como autor del delito de atentado a la autoridad.<\/p>\n\n\n\n<p>El hecho sucedi\u00f3 el pasado mi\u00e9rcoles 14 de enero al mediod\u00eda, en inmediaciones del m\u00e1stil de la Plaza 9 de Julio. All\u00ed, seg\u00fan denuncia un efectivo policial, se encontraba cumpliendo servicio, cuando advirti\u00f3 que el acusado circulaba sin remera y con los pantalones bajos, realizando exhibiciones obscenas ante transe\u00fantes, entre los que se encontraban menores de edad.<\/p>\n\n\n\n<p>Al intentar que cesara su accionar, el acusado reaccion\u00f3 de manera violenta y agredi\u00f3 con golpes de pu\u00f1o al polic\u00eda, produci\u00e9ndose un forcejeo que termin\u00f3 con ambos en el suelo.<\/p>\n\n\n\n<p>El efectivo result\u00f3 con lesiones en hombro izquierdo, brazo, rodilla derecha y mand\u00edbula, diagnosticadas como traumatismo, seg\u00fan certificado m\u00e9dico incorporado a la causa.<\/p>\n","protected":false},"excerpt":{"rendered":"<p>Fue detectado mientras realizaba exhibiciones obscenas en la plaza 9 de julio y cuando el efectivo intervino, reaccion\u00f3 violentamente, y lo golpe\u00f3. El fiscal penal Ramiro Ramos Ossorio, imput\u00f3 de forma provisional a un hombre de 37 a\u00f1os como autor del delito de atentado a la autoridad. El hecho sucedi\u00f3 el pasado mi\u00e9rcoles 14 de [&hellip;]<\/p>\n","protected":false},"author":2,"featured_media":105743,"comment_status":"open","ping_status":"open","sticky":false,"template":"","format":"standard","meta":{"tdm_status":"","tdm_grid_status":"","_joinchat":[],"footnotes":""},"categories":[73],"tags":[],"class_list":{"0":"post-105742","1":"post","2":"type-post","3":"status-publish","4":"format-standard","5":"has-post-thumbnail","7":"category-noticias-general"},"amp_enabled":true,"_links":{"self":[{"href":"https:\/\/www.todoeldia.com\/index.php\/wp-json\/wp\/v2\/posts\/105742","targetHints":{"allow":["GET"]}}],"collection":[{"href":"https:\/\/www.todoeldia.com\/index.php\/wp-json\/wp\/v2\/posts"}],"about":[{"href":"https:\/\/www.todoeldia.com\/index.php\/wp-json\/wp\/v2\/types\/post"}],"author":[{"embeddable":true,"href":"https:\/\/www.todoeldia.com\/index.php\/wp-json\/wp\/v2\/users\/2"}],"replies":[{"embeddable":true,"href":"https:\/\/www.todoeldia.com\/index.php\/wp-json\/wp\/v2\/comments?post=105742"}],"version-history":[{"count":1,"href":"https:\/\/www.todoeldia.com\/index.php\/wp-json\/wp\/v2\/posts\/105742\/revisions"}],"predecessor-version":[{"id":105744,"href":"https:\/\/www.todoeldia.com\/index.php\/wp-json\/wp\/v2\/posts\/105742\/revisions\/105744"}],"wp:featuredmedia":[{"embeddable":true,"href":"https:\/\/www.todoeldia.com\/index.php\/wp-json\/wp\/v2\/media\/105743"}],"wp:attachment":[{"href":"https:\/\/www.todoeldia.com\/index.php\/wp-json\/wp\/v2\/media?parent=105742"}],"wp:term":[{"taxonomy":"category","embeddable":true,"href":"https:\/\/www.todoeldia.com\/index.php\/wp-json\/wp\/v2\/categories?post=105742"},{"taxonomy":"post_tag","embeddable":true,"href":"https:\/\/www.todoeldia.com\/index.php\/wp-json\/wp\/v2\/tags?post=105742"}],"curies":[{"name":"wp","href":"https:\/\/api.w.org\/{rel}","templated":true}]}}