{"id":105745,"date":"2026-01-20T12:39:47","date_gmt":"2026-01-20T15:39:47","guid":{"rendered":"https:\/\/www.todoeldia.com\/?p=105745"},"modified":"2026-01-20T12:39:48","modified_gmt":"2026-01-20T15:39:48","slug":"la-carcel-de-metan-bajo-la-lupa-denuncian-torturas-y-la-justicia-investiga-al-servicio-penitenciario","status":"publish","type":"post","link":"https:\/\/www.todoeldia.com\/index.php\/2026\/01\/20\/la-carcel-de-metan-bajo-la-lupa-denuncian-torturas-y-la-justicia-investiga-al-servicio-penitenciario\/","title":{"rendered":"La c\u00e1rcel de Metan bajo la lupa: denuncian torturas y la Justicia investiga al Servicio Penitenciario"},"content":{"rendered":"\n<p>La Fiscal\u00eda de Derechos Humanos de Met\u00e1n investiga una grave denuncia por torturas y apremios ilegales ocurridos en la Unidad Carcelaria N\u00b0 2. Mientras avanza la causa judicial, el secretario de Justicia de Salta, Javier M\u00f3nico, se refiri\u00f3 p\u00fablicamente al caso, habl\u00f3 de sobrepoblaci\u00f3n, d\u00e9ficit de infraestructura y asegur\u00f3 que \u201cnadie puede avalar tratos denigrantes\u201d.<\/p>\n\n\n\n<p>Una denuncia penal por presuntos hechos de tortura, apremios ilegales y vejaciones dentro de la Unidad Carcelaria N\u00b0 2 de Met\u00e1n activ\u00f3 una investigaci\u00f3n judicial que vuelve a poner en el centro del debate las condiciones de detenci\u00f3n y el accionar del Servicio Penitenciario en el sur de la provincia.<\/p>\n\n\n\n<p>La causa es investigada por la Fiscal\u00eda de Derechos Humanos de Met\u00e1n y se origin\u00f3 a partir de la presentaci\u00f3n realizada por Maximiliano Exequiel Torrej\u00f3n, un interno de 30 a\u00f1os, quien asegur\u00f3 haber sido violentamente agredido por personal penitenciario el domingo 11 de enero, alrededor de las 21.50, tras un conflicto previo en el pabell\u00f3n.<\/p>\n\n\n\n<figure class=\"wp-block-image size-full is-resized\"><img loading=\"lazy\" decoding=\"async\" width=\"930\" height=\"537\" src=\"https:\/\/www.todoeldia.com\/wp-content\/uploads\/2021\/01\/carcel-metan.jpg\" alt=\"\" class=\"wp-image-14903\" style=\"width:1054px;height:auto\" srcset=\"https:\/\/www.todoeldia.com\/wp-content\/uploads\/2021\/01\/carcel-metan.jpg 930w, https:\/\/www.todoeldia.com\/wp-content\/uploads\/2021\/01\/carcel-metan-300x173.jpg 300w, https:\/\/www.todoeldia.com\/wp-content\/uploads\/2021\/01\/carcel-metan-768x443.jpg 768w, https:\/\/www.todoeldia.com\/wp-content\/uploads\/2021\/01\/carcel-metan-696x402.jpg 696w, https:\/\/www.todoeldia.com\/wp-content\/uploads\/2021\/01\/carcel-metan-727x420.jpg 727w\" sizes=\"auto, (max-width: 930px) 100vw, 930px\" \/><\/figure>\n\n\n\n<p>Seg\u00fan consta en la denuncia, Torrej\u00f3n relat\u00f3 que fue reducido por varios efectivos -algunos con el rostro cubierto-, sacado de su celda y trasladado por sectores del penal donde no habr\u00eda c\u00e1maras de seguridad. All\u00ed, siempre de acuerdo a su testimonio, fue obligado a arrodillarse, golpeado con pu\u00f1os, patadas y bastones, y luego arrastrado por distintas dependencias de la unidad.<\/p>\n\n\n\n<p>El ataque habr\u00eda continuado en el ba\u00f1o del pabell\u00f3n, donde el interno denunci\u00f3 maniobras de asfixia, torsiones en brazos y piernas, insultos y burlas mientras permanec\u00eda inmovilizado. Uno de los puntos m\u00e1s sensibles de la presentaci\u00f3n est\u00e1 vinculado a una lesi\u00f3n en su pierna izquierda, donde Torrej\u00f3n posee placas y clavos producto de seis cirug\u00edas previas realizadas antes de su detenci\u00f3n.<\/p>\n\n\n\n<p>De acuerdo al expediente, los golpes impactaron en esa zona y, posteriormente, un informe m\u00e9dico del Poder Judicial, firmado por el doctor Apaza, constat\u00f3 la \u201crotura de placa\u201d. El interno tambi\u00e9n asegur\u00f3 haber escuchado una conversaci\u00f3n entre m\u00e9dicos del penal y del hospital Del Carmen en la que, presuntamente, se habr\u00eda solicitado que esa fractura no fuera consignada en el informe m\u00e9dico.<\/p>\n\n\n\n<p>Adem\u00e1s, la denuncia se\u00f1ala demoras en la atenci\u00f3n sanitaria, pese al intenso dolor, la imposibilidad de movilizarse y episodios de p\u00e9rdida de conocimiento. Desde el d\u00eda del hecho, Torrej\u00f3n permanece alojado en una celda de aislamiento conocida como \u201cchancho\u201d, situaci\u00f3n que su defensa calific\u00f3 como una medida de castigo prolongado.<\/p>\n\n\n\n<p>El abogado del denunciante, V\u00edctor Gomes, sostuvo que \u201cson pr\u00e1cticas deplorables que lamentablemente siguen existiendo\u201d y cuestion\u00f3 el uso prolongado de la prisi\u00f3n preventiva, al advertir que su defendido lleva casi un a\u00f1o detenido sin condena firme. Tambi\u00e9n solicit\u00f3 medidas de protecci\u00f3n, garant\u00edas para su integridad f\u00edsica, continuidad del tratamiento m\u00e9dico y un eventual traslado a otra unidad ante el temor de represalias.<\/p>\n\n\n\n<p>En medio de la pol\u00e9mica, el secretario de Justicia de la provincia, Javier M\u00f3nico, se refiri\u00f3 p\u00fablicamente al caso y aport\u00f3 la postura oficial. El funcionario explic\u00f3 que Torrej\u00f3n fue trasladado a una celda de aislamiento y luego derivado al hospital Del Carmen, donde se le realizaron estudios radiol\u00f3gicos los d\u00edas 12 y 13 de enero. Seg\u00fan indic\u00f3, los informes m\u00e9dicos iniciales no reflejan lesiones graves, m\u00e1s all\u00e1 de escoriaciones menores.<\/p>\n\n\n\n<p>M\u00f3nico aclar\u00f3 que la Fiscal\u00eda de Derechos Humanos ya solicit\u00f3 informes al Servicio Penitenciario, los cuales fueron remitidos junto con registros de video del sistema interno. \u201cEs el primer elemento con el que uno cuenta, pero no es la verdad absoluta. La Fiscal\u00eda va a investigar como corresponde y desde la Secretar\u00eda vamos a brindar toda la informaci\u00f3n posible\u201d, afirm\u00f3.<\/p>\n\n\n\n<p>El funcionario tambi\u00e9n reconoci\u00f3 que el interno presentaba una fractura antigua de tibia y peron\u00e9, producto de un accidente ocurrido a\u00f1os atr\u00e1s, y sostuvo que todos esos elementos deber\u00e1n ser analizados en el marco de la investigaci\u00f3n.<\/p>\n\n\n\n<p>Finalmente, el secretario de Justicia fue categ\u00f3rico al marcar su postura personal. \u201cDe ninguna manera se puede avalar la tortura o los tratos denigrantes. El Servicio Penitenciario cumple una funci\u00f3n complementaria del sistema de seguridad, pero tambi\u00e9n debe trabajar en la reinserci\u00f3n y rehabilitaci\u00f3n. La mayor\u00eda de estas personas va a volver a la sociedad, y nadie quiere que regresen con m\u00e1s resentimiento\u201d.<\/p>\n\n\n\n<p>Tambi\u00e9n se refiri\u00f3 a las condiciones de vida dentro de los penales y al ingreso de elementos prohibidos. \u201cHay internos durmiendo sin colchones, se conocen situaciones porque tienen celulares, algo que no deber\u00eda ocurrir. No estamos de acuerdo con que personas privadas de la libertad vivan en estas condiciones, porque no ayuda en nada a su rehabilitaci\u00f3n\u201d, concluy\u00f3.<\/p>\n\n\n\n<p>Mientras la investigaci\u00f3n judicial avanza, el caso vuelve a exponer las tensiones entre denuncias por violencia institucional, versiones oficiales contrapuestas y una realidad carcelaria que sigue siendo objeto de fuertes cuestionamientos en la provincia.<\/p>\n\n\n\n<p>El Vocero de Metan<\/p>\n\n\n\n<p><\/p>\n","protected":false},"excerpt":{"rendered":"<p>La Fiscal\u00eda de Derechos Humanos de Met\u00e1n investiga una grave denuncia por torturas y apremios ilegales ocurridos en la Unidad Carcelaria N\u00b0 2. Mientras avanza la causa judicial, el secretario de Justicia de Salta, Javier M\u00f3nico, se refiri\u00f3 p\u00fablicamente al caso, habl\u00f3 de sobrepoblaci\u00f3n, d\u00e9ficit de infraestructura y asegur\u00f3 que \u201cnadie puede avalar tratos denigrantes\u201d. [&hellip;]<\/p>\n","protected":false},"author":2,"featured_media":94548,"comment_status":"open","ping_status":"open","sticky":false,"template":"","format":"standard","meta":{"tdm_status":"","tdm_grid_status":"","_joinchat":[],"footnotes":""},"categories":[73],"tags":[],"class_list":{"0":"post-105745","1":"post","2":"type-post","3":"status-publish","4":"format-standard","5":"has-post-thumbnail","7":"category-noticias-general"},"amp_enabled":true,"_links":{"self":[{"href":"https:\/\/www.todoeldia.com\/index.php\/wp-json\/wp\/v2\/posts\/105745","targetHints":{"allow":["GET"]}}],"collection":[{"href":"https:\/\/www.todoeldia.com\/index.php\/wp-json\/wp\/v2\/posts"}],"about":[{"href":"https:\/\/www.todoeldia.com\/index.php\/wp-json\/wp\/v2\/types\/post"}],"author":[{"embeddable":true,"href":"https:\/\/www.todoeldia.com\/index.php\/wp-json\/wp\/v2\/users\/2"}],"replies":[{"embeddable":true,"href":"https:\/\/www.todoeldia.com\/index.php\/wp-json\/wp\/v2\/comments?post=105745"}],"version-history":[{"count":1,"href":"https:\/\/www.todoeldia.com\/index.php\/wp-json\/wp\/v2\/posts\/105745\/revisions"}],"predecessor-version":[{"id":105746,"href":"https:\/\/www.todoeldia.com\/index.php\/wp-json\/wp\/v2\/posts\/105745\/revisions\/105746"}],"wp:featuredmedia":[{"embeddable":true,"href":"https:\/\/www.todoeldia.com\/index.php\/wp-json\/wp\/v2\/media\/94548"}],"wp:attachment":[{"href":"https:\/\/www.todoeldia.com\/index.php\/wp-json\/wp\/v2\/media?parent=105745"}],"wp:term":[{"taxonomy":"category","embeddable":true,"href":"https:\/\/www.todoeldia.com\/index.php\/wp-json\/wp\/v2\/categories?post=105745"},{"taxonomy":"post_tag","embeddable":true,"href":"https:\/\/www.todoeldia.com\/index.php\/wp-json\/wp\/v2\/tags?post=105745"}],"curies":[{"name":"wp","href":"https:\/\/api.w.org\/{rel}","templated":true}]}}