{"id":105747,"date":"2026-01-20T12:43:26","date_gmt":"2026-01-20T15:43:26","guid":{"rendered":"https:\/\/www.todoeldia.com\/?p=105747"},"modified":"2026-01-20T12:51:03","modified_gmt":"2026-01-20T15:51:03","slug":"tras-un-violento-asalto-vecinos-marcharon-por-mayor-seguridad-en-rosario-de-la-frontera","status":"publish","type":"post","link":"https:\/\/www.todoeldia.com\/index.php\/2026\/01\/20\/tras-un-violento-asalto-vecinos-marcharon-por-mayor-seguridad-en-rosario-de-la-frontera\/","title":{"rendered":"Tras un violento asalto, vecinos marcharon por mayor seguridad en Rosario de la Frontera"},"content":{"rendered":"\n<p>Un asalto ocurrido el fin de semana, en el que dos j\u00f3venes fueron maniatados y golpeados, desat\u00f3 la preocupaci\u00f3n de los vecinos y motiv\u00f3 una movilizaci\u00f3n en el centro de la ciudad. Reclaman mayor presencia policial y avances concretos en las investigaciones.<\/p>\n\n\n\n<p>La creciente preocupaci\u00f3n por la inseguridad volvi\u00f3 a hacerse visible en Rosario de la Frontera, donde vecinos se movilizaron este lunes por la plaza principal para reclamar una respuesta m\u00e1s firme y eficaz de las fuerzas de seguridad. La protesta se dio luego de un violento robo ocurrido el \u00faltimo fin de semana en el barrio 9 de Julio, que termin\u00f3 con dos j\u00f3venes maniatados, golpeados y despojados de una importante suma de dinero.<\/p>\n\n\n\n<figure class=\"wp-block-image size-full is-resized\"><img loading=\"lazy\" decoding=\"async\" width=\"780\" height=\"512\" src=\"https:\/\/www.todoeldia.com\/wp-content\/uploads\/2026\/01\/image-133.png\" alt=\"\" class=\"wp-image-105751\" style=\"width:1053px;height:auto\" srcset=\"https:\/\/www.todoeldia.com\/wp-content\/uploads\/2026\/01\/image-133.png 780w, https:\/\/www.todoeldia.com\/wp-content\/uploads\/2026\/01\/image-133-300x197.png 300w, https:\/\/www.todoeldia.com\/wp-content\/uploads\/2026\/01\/image-133-768x504.png 768w, https:\/\/www.todoeldia.com\/wp-content\/uploads\/2026\/01\/image-133-640x420.png 640w, https:\/\/www.todoeldia.com\/wp-content\/uploads\/2026\/01\/image-133-696x457.png 696w, https:\/\/www.todoeldia.com\/wp-content\/uploads\/2026\/01\/image-133-741x486.png 741w\" sizes=\"auto, (max-width: 780px) 100vw, 780px\" \/><\/figure>\n\n\n\n<p>Seg\u00fan trascendi\u00f3, el asalto fue ejecutado con un alto grado de planificaci\u00f3n, lo que gener\u00f3 alarma entre los residentes de la zona, que aseguran haber registrado al menos tres hechos similares en un corto per\u00edodo de tiempo. La reiteraci\u00f3n de episodios delictivos y la modalidad empleada alimentaron el temor de que se trate de bandas organizadas, incluso provenientes de otras provincias.<\/p>\n\n\n\n<p>Ren\u00e9 Jorge, padre de los j\u00f3venes, expres\u00f3 su indignaci\u00f3n y cuestion\u00f3 la percepci\u00f3n de tranquilidad que suelen transmitir las autoridades. \u201cDicen que Rosario es tranquilo, pero la realidad es otra. Hoy vivimos con miedo\u201d, se\u00f1al\u00f3, al tiempo que reclam\u00f3 mayor compromiso policial y dej\u00f3 entrever desconfianza sobre el accionar interno de la fuerza.<\/p>\n\n\n\n<p>En la misma l\u00ednea, Elsa Gonz\u00e1lez, madre de los j\u00f3venes asaltados, relat\u00f3 el impacto emocional que dej\u00f3 el hecho y pidi\u00f3 que las autoridades tomen dimensi\u00f3n de lo ocurrido. \u201cEstamos vivos de milagro. Esto no se lo deseo a nadie\u201d, expres\u00f3, y remarc\u00f3 que la movilizaci\u00f3n no fue solo por su familia, sino por todos los vecinos de la ciudad que hoy se sienten inseguros.<\/p>\n\n\n\n<p>La investigaci\u00f3n qued\u00f3 a cargo del fiscal penal Oscar L\u00f3pez Ibarra, quien dispuso la intervenci\u00f3n de la Brigada de Investigaciones, el relevamiento de c\u00e1maras de seguridad p\u00fablicas y privadas, adem\u00e1s de pericias e inspecciones oculares en el lugar del hecho. Las im\u00e1genes recolectadas ya se encuentran bajo an\u00e1lisis.<\/p>\n\n\n\n<p>Seg\u00fan el Vocero de Rosario de la Frontera, el caso tambi\u00e9n fue abordado por el secretario de Justicia de la provincia, Javier M\u00f3nico, quien confirm\u00f3 haber tomado contacto con la familia afectada y asegur\u00f3 que el Ministerio de Seguridad ya fue informado de lo sucedido. \u201cLas estad\u00edsticas ven\u00edan mostrando una baja en los delitos, pero este hecho nos obliga a actuar con mayor firmeza\u201d, afirm\u00f3 el funcionario, quien se comprometi\u00f3 a acompa\u00f1ar el pedido de justicia de los vecinos.<\/p>\n\n\n\n<p>Mientras la investigaci\u00f3n avanza, el reclamo social qued\u00f3 plasmado en las calles: m\u00e1s seguridad, mayor presencia policial y el retorno de la paz que, seg\u00fan los propios vecinos, Rosario de la Frontera supo tener y hoy sienten amenazada.<\/p>\n","protected":false},"excerpt":{"rendered":"<p>Un asalto ocurrido el fin de semana, en el que dos j\u00f3venes fueron maniatados y golpeados, desat\u00f3 la preocupaci\u00f3n de los vecinos y motiv\u00f3 una movilizaci\u00f3n en el centro de la ciudad. Reclaman mayor presencia policial y avances concretos en las investigaciones. La creciente preocupaci\u00f3n por la inseguridad volvi\u00f3 a hacerse visible en Rosario de [&hellip;]<\/p>\n","protected":false},"author":2,"featured_media":105750,"comment_status":"open","ping_status":"open","sticky":false,"template":"","format":"standard","meta":{"tdm_status":"","tdm_grid_status":"","_joinchat":[],"footnotes":""},"categories":[73],"tags":[],"class_list":{"0":"post-105747","1":"post","2":"type-post","3":"status-publish","4":"format-standard","5":"has-post-thumbnail","7":"category-noticias-general"},"amp_enabled":true,"_links":{"self":[{"href":"https:\/\/www.todoeldia.com\/index.php\/wp-json\/wp\/v2\/posts\/105747","targetHints":{"allow":["GET"]}}],"collection":[{"href":"https:\/\/www.todoeldia.com\/index.php\/wp-json\/wp\/v2\/posts"}],"about":[{"href":"https:\/\/www.todoeldia.com\/index.php\/wp-json\/wp\/v2\/types\/post"}],"author":[{"embeddable":true,"href":"https:\/\/www.todoeldia.com\/index.php\/wp-json\/wp\/v2\/users\/2"}],"replies":[{"embeddable":true,"href":"https:\/\/www.todoeldia.com\/index.php\/wp-json\/wp\/v2\/comments?post=105747"}],"version-history":[{"count":2,"href":"https:\/\/www.todoeldia.com\/index.php\/wp-json\/wp\/v2\/posts\/105747\/revisions"}],"predecessor-version":[{"id":105752,"href":"https:\/\/www.todoeldia.com\/index.php\/wp-json\/wp\/v2\/posts\/105747\/revisions\/105752"}],"wp:featuredmedia":[{"embeddable":true,"href":"https:\/\/www.todoeldia.com\/index.php\/wp-json\/wp\/v2\/media\/105750"}],"wp:attachment":[{"href":"https:\/\/www.todoeldia.com\/index.php\/wp-json\/wp\/v2\/media?parent=105747"}],"wp:term":[{"taxonomy":"category","embeddable":true,"href":"https:\/\/www.todoeldia.com\/index.php\/wp-json\/wp\/v2\/categories?post=105747"},{"taxonomy":"post_tag","embeddable":true,"href":"https:\/\/www.todoeldia.com\/index.php\/wp-json\/wp\/v2\/tags?post=105747"}],"curies":[{"name":"wp","href":"https:\/\/api.w.org\/{rel}","templated":true}]}}