{"id":105756,"date":"2026-01-20T13:00:03","date_gmt":"2026-01-20T16:00:03","guid":{"rendered":"https:\/\/www.todoeldia.com\/?p=105756"},"modified":"2026-01-20T13:00:04","modified_gmt":"2026-01-20T16:00:04","slug":"dos-condenados-a-prision-efectiva-por-robar-un-compresor-y-una-balanza-en-campo-quijano","status":"publish","type":"post","link":"https:\/\/www.todoeldia.com\/index.php\/2026\/01\/20\/dos-condenados-a-prision-efectiva-por-robar-un-compresor-y-una-balanza-en-campo-quijano\/","title":{"rendered":"Dos condenados a prisi\u00f3n efectiva por robar un compresor y una balanza en Campo Quijano"},"content":{"rendered":"\n<p>De acuerdo a la investigaci\u00f3n, el 19 de octubre de 2025, personas desconocidas ingresaron a dos fincas colindantes ubicadas sobre ruta provincial 103, camino a Corralito. En uno de los inmuebles, los causantes provocaron da\u00f1os en distintos elementos de seguridad y no lograron concretar la sustracci\u00f3n de bienes, configur\u00e1ndose una tentativa de robo.<\/p>\n\n\n\n<p>En el segundo hecho, ocurrido en la finca lindante, los autores ingresaron tras violentar el alambrado perimetral y una puerta de acceso, y sustrajeron un compresor de aire y una balanza, elementos que posteriormente fueron recuperados y repuestos.<\/p>\n\n\n\n<p>A partir de las denuncias radicadas y las tareas investigativas desplegadas encabezadas por el fiscal Escalante, se logr\u00f3 identificar a Diego Omar Guiti\u00e1n y Jos\u00e9 Ignacio Vilte como los responsables de los hechos<\/p>\n\n\n\n<p>La causa fue resuelta mediante juicio abreviado, con acuerdo de las partes y homologaci\u00f3n judicial, quedando establecida la calificaci\u00f3n legal de robo simple y tentativa de robo simple. En ese marco, Guiti\u00e1n fue condenado a la pena de un a\u00f1o de prisi\u00f3n de cumplimiento efectivo, mientras que Vilte recibi\u00f3 una condena de siete meses de prisi\u00f3n efectiva.<\/p>\n\n\n\n<p>Asimismo, se valor\u00f3 la reparaci\u00f3n del da\u00f1o, teniendo en cuenta que la balanza sustra\u00edda fue recuperada oportunamente y que los acusados repusieron el compresor, circunstancias consideradas al momento de arribar al acuerdo.<\/p>\n","protected":false},"excerpt":{"rendered":"<p>De acuerdo a la investigaci\u00f3n, el 19 de octubre de 2025, personas desconocidas ingresaron a dos fincas colindantes ubicadas sobre ruta provincial 103, camino a Corralito. En uno de los inmuebles, los causantes provocaron da\u00f1os en distintos elementos de seguridad y no lograron concretar la sustracci\u00f3n de bienes, configur\u00e1ndose una tentativa de robo. En el [&hellip;]<\/p>\n","protected":false},"author":2,"featured_media":37848,"comment_status":"open","ping_status":"open","sticky":false,"template":"","format":"standard","meta":{"tdm_status":"","tdm_grid_status":"","_joinchat":[],"footnotes":""},"categories":[73],"tags":[],"class_list":{"0":"post-105756","1":"post","2":"type-post","3":"status-publish","4":"format-standard","5":"has-post-thumbnail","7":"category-noticias-general"},"amp_enabled":true,"_links":{"self":[{"href":"https:\/\/www.todoeldia.com\/index.php\/wp-json\/wp\/v2\/posts\/105756","targetHints":{"allow":["GET"]}}],"collection":[{"href":"https:\/\/www.todoeldia.com\/index.php\/wp-json\/wp\/v2\/posts"}],"about":[{"href":"https:\/\/www.todoeldia.com\/index.php\/wp-json\/wp\/v2\/types\/post"}],"author":[{"embeddable":true,"href":"https:\/\/www.todoeldia.com\/index.php\/wp-json\/wp\/v2\/users\/2"}],"replies":[{"embeddable":true,"href":"https:\/\/www.todoeldia.com\/index.php\/wp-json\/wp\/v2\/comments?post=105756"}],"version-history":[{"count":1,"href":"https:\/\/www.todoeldia.com\/index.php\/wp-json\/wp\/v2\/posts\/105756\/revisions"}],"predecessor-version":[{"id":105757,"href":"https:\/\/www.todoeldia.com\/index.php\/wp-json\/wp\/v2\/posts\/105756\/revisions\/105757"}],"wp:featuredmedia":[{"embeddable":true,"href":"https:\/\/www.todoeldia.com\/index.php\/wp-json\/wp\/v2\/media\/37848"}],"wp:attachment":[{"href":"https:\/\/www.todoeldia.com\/index.php\/wp-json\/wp\/v2\/media?parent=105756"}],"wp:term":[{"taxonomy":"category","embeddable":true,"href":"https:\/\/www.todoeldia.com\/index.php\/wp-json\/wp\/v2\/categories?post=105756"},{"taxonomy":"post_tag","embeddable":true,"href":"https:\/\/www.todoeldia.com\/index.php\/wp-json\/wp\/v2\/tags?post=105756"}],"curies":[{"name":"wp","href":"https:\/\/api.w.org\/{rel}","templated":true}]}}