{"id":105758,"date":"2026-01-20T13:29:10","date_gmt":"2026-01-20T16:29:10","guid":{"rendered":"https:\/\/www.todoeldia.com\/?p=105758"},"modified":"2026-01-20T13:29:11","modified_gmt":"2026-01-20T16:29:11","slug":"por-razones-climaticas-cierran-el-paso-de-jama-en-jujuy","status":"publish","type":"post","link":"https:\/\/www.todoeldia.com\/index.php\/2026\/01\/20\/por-razones-climaticas-cierran-el-paso-de-jama-en-jujuy\/","title":{"rendered":"Por razones clim\u00e1ticas cierran el Paso de Jama en Jujuy"},"content":{"rendered":"\n<p>El Paso Fronterizo de Jama, que conecta Argentina con Chile, permanece cerrado de manera preventiva este martes 20 de enero debido a condiciones clim\u00e1ticas adversas registradas en la zona cordillerana. La medida afecta a todo tipo de veh\u00edculos seg\u00fan la informaci\u00f3n oficial difundida por las autoridades fronterizas.<\/p>\n\n\n\n<p>La decisi\u00f3n se vincula directamente con el cierre de la ruta 27CH en territorio chileno, a partir del kil\u00f3metro 43, dispuesto por recomendaci\u00f3n de Vialidad de Chile. El objetivo consiste en resguardar la seguridad vial ante el escenario clim\u00e1tico previsto para el transcurso de la jornada.<\/p>\n\n\n\n<p>De acuerdo con el comunicado oficial, se suspendi\u00f3 la atenci\u00f3n para el ingreso desde Argentina hacia Chile para todo tipo de veh\u00edculos. En tanto, para la salida desde Chile hacia Argentina, las autoridades informaron que se mantiene la atenci\u00f3n de manera limitada. El paso se habilita solo hasta las 17 o 18 horas aproximadamente, exclusivamente para los veh\u00edculos que ya se encuentran en ruta.<\/p>\n\n\n\n<p>Esta modalidad busca evitar que conductores queden varados en sectores de altura, donde las condiciones clim\u00e1ticas suelen tornarse m\u00e1s severas durante la tarde y la noche.<\/p>\n","protected":false},"excerpt":{"rendered":"<p>El Paso Fronterizo de Jama, que conecta Argentina con Chile, permanece cerrado de manera preventiva este martes 20 de enero debido a condiciones clim\u00e1ticas adversas registradas en la zona cordillerana. La medida afecta a todo tipo de veh\u00edculos seg\u00fan la informaci\u00f3n oficial difundida por las autoridades fronterizas. La decisi\u00f3n se vincula directamente con el cierre [&hellip;]<\/p>\n","protected":false},"author":2,"featured_media":105759,"comment_status":"open","ping_status":"open","sticky":false,"template":"","format":"standard","meta":{"tdm_status":"","tdm_grid_status":"","_joinchat":[],"footnotes":""},"categories":[73],"tags":[],"class_list":{"0":"post-105758","1":"post","2":"type-post","3":"status-publish","4":"format-standard","5":"has-post-thumbnail","7":"category-noticias-general"},"amp_enabled":true,"_links":{"self":[{"href":"https:\/\/www.todoeldia.com\/index.php\/wp-json\/wp\/v2\/posts\/105758","targetHints":{"allow":["GET"]}}],"collection":[{"href":"https:\/\/www.todoeldia.com\/index.php\/wp-json\/wp\/v2\/posts"}],"about":[{"href":"https:\/\/www.todoeldia.com\/index.php\/wp-json\/wp\/v2\/types\/post"}],"author":[{"embeddable":true,"href":"https:\/\/www.todoeldia.com\/index.php\/wp-json\/wp\/v2\/users\/2"}],"replies":[{"embeddable":true,"href":"https:\/\/www.todoeldia.com\/index.php\/wp-json\/wp\/v2\/comments?post=105758"}],"version-history":[{"count":1,"href":"https:\/\/www.todoeldia.com\/index.php\/wp-json\/wp\/v2\/posts\/105758\/revisions"}],"predecessor-version":[{"id":105760,"href":"https:\/\/www.todoeldia.com\/index.php\/wp-json\/wp\/v2\/posts\/105758\/revisions\/105760"}],"wp:featuredmedia":[{"embeddable":true,"href":"https:\/\/www.todoeldia.com\/index.php\/wp-json\/wp\/v2\/media\/105759"}],"wp:attachment":[{"href":"https:\/\/www.todoeldia.com\/index.php\/wp-json\/wp\/v2\/media?parent=105758"}],"wp:term":[{"taxonomy":"category","embeddable":true,"href":"https:\/\/www.todoeldia.com\/index.php\/wp-json\/wp\/v2\/categories?post=105758"},{"taxonomy":"post_tag","embeddable":true,"href":"https:\/\/www.todoeldia.com\/index.php\/wp-json\/wp\/v2\/tags?post=105758"}],"curies":[{"name":"wp","href":"https:\/\/api.w.org\/{rel}","templated":true}]}}