{"id":105769,"date":"2026-01-20T15:01:28","date_gmt":"2026-01-20T18:01:28","guid":{"rendered":"https:\/\/www.todoeldia.com\/?p=105769"},"modified":"2026-01-20T15:01:29","modified_gmt":"2026-01-20T18:01:29","slug":"del-posible-abandono-al-sueno-premonitorio-con-messi-benavides-eligio-los-momentos-clave-para-ganar-el-dakar","status":"publish","type":"post","link":"https:\/\/www.todoeldia.com\/index.php\/2026\/01\/20\/del-posible-abandono-al-sueno-premonitorio-con-messi-benavides-eligio-los-momentos-clave-para-ganar-el-dakar\/","title":{"rendered":"Del posible abandono al sue\u00f1o premonitorio con Messi: Benavides eligi\u00f3 los momentos clave para ganar el Dakar"},"content":{"rendered":"\n<p>En di\u00e1logo con TN, el flamante campe\u00f3n record\u00f3 el dif\u00edcil momento que atraves\u00f3 en la d\u00e9cima etapa y revel\u00f3 c\u00f3mo la imagen del astro argentino lo motiv\u00f3 para su consagraci\u00f3n.<\/p>\n\n\n\n<p>Luciano Benavides volvi\u00f3 a la Argentina con el orgullo de haber hecho historia en el Rally Dakar 2026 tras consagrarse campe\u00f3n por primera vez en la categor\u00eda motos, en una definici\u00f3n dram\u00e1tica en Arabia Saudita. El piloto salte\u00f1o remont\u00f3 m\u00e1s de tres minutos de desventaja en la \u00faltima etapa y se impuso por apenas dos segundos sobre el estadounidense Ricky Brabec.<\/p>\n\n\n\n<figure class=\"wp-block-image size-large\"><img loading=\"lazy\" decoding=\"async\" width=\"1024\" height=\"672\" src=\"https:\/\/www.todoeldia.com\/wp-content\/uploads\/2026\/01\/image-136-1024x672.png\" alt=\"\" class=\"wp-image-105771\" srcset=\"https:\/\/www.todoeldia.com\/wp-content\/uploads\/2026\/01\/image-136-1024x672.png 1024w, https:\/\/www.todoeldia.com\/wp-content\/uploads\/2026\/01\/image-136-300x197.png 300w, https:\/\/www.todoeldia.com\/wp-content\/uploads\/2026\/01\/image-136-768x504.png 768w, https:\/\/www.todoeldia.com\/wp-content\/uploads\/2026\/01\/image-136-640x420.png 640w, https:\/\/www.todoeldia.com\/wp-content\/uploads\/2026\/01\/image-136-696x457.png 696w, https:\/\/www.todoeldia.com\/wp-content\/uploads\/2026\/01\/image-136-1068x701.png 1068w, https:\/\/www.todoeldia.com\/wp-content\/uploads\/2026\/01\/image-136-741x486.png 741w, https:\/\/www.todoeldia.com\/wp-content\/uploads\/2026\/01\/image-136.png 1440w\" sizes=\"auto, (max-width: 1024px) 100vw, 1024px\" \/><\/figure>\n\n\n\n<p><strong>Ricky Brabec tras enterarse que obtuvo el segundo puesto.<\/strong><\/p>\n\n\n\n<p>Junto con su hermano Kevin Benavides, quien gan\u00f3 dos veces en la misma categor\u00eda (2021 y 2023) y este a\u00f1o particip\u00f3 por primera vez en Challenger, Luciano brind\u00f3 una conferencia de prensa antes de retornar a su Salta natal para festejar el triunfo.<\/p>\n\n\n\n<p>Al recordar el instante de su vida deportiva -el momento en que le dieron la noticia de su victoria-, el salte\u00f1o confes\u00f3: \u201cEra tan corta la diferencia que hab\u00eda que esperar el resultado oficial. Le dije a Ricky: \u2018felicidades, ganaste\u2019. En mi cabeza pensaba que me llevaba 3 minutos 23\u201d, confes\u00f3 en di\u00e1logo con TN.<\/p>\n\n\n\n<p>Es que el tiempo entre los competidores se convirti\u00f3 en la diferencia m\u00e1s estrecha en la historia de la competencia. \u201cFue el momento m\u00e1s incre\u00edble, no sab\u00edamos ninguno\u201d, agreg\u00f3.<\/p>\n\n\n\n<p>El cruce con camellos que demor\u00f3 a su rival<\/p>\n\n\n\n<figure class=\"wp-block-image size-full is-resized\"><img loading=\"lazy\" decoding=\"async\" width=\"715\" height=\"705\" src=\"https:\/\/www.todoeldia.com\/wp-content\/uploads\/2026\/01\/image-135.png\" alt=\"\" class=\"wp-image-105770\" style=\"width:1061px;height:auto\" srcset=\"https:\/\/www.todoeldia.com\/wp-content\/uploads\/2026\/01\/image-135.png 715w, https:\/\/www.todoeldia.com\/wp-content\/uploads\/2026\/01\/image-135-300x296.png 300w, https:\/\/www.todoeldia.com\/wp-content\/uploads\/2026\/01\/image-135-426x420.png 426w, https:\/\/www.todoeldia.com\/wp-content\/uploads\/2026\/01\/image-135-696x686.png 696w\" sizes=\"auto, (max-width: 715px) 100vw, 715px\" \/><\/figure>\n\n\n\n<p>El Dakar es una usina de situaciones desafiantes e ins\u00f3litas. Una de las que m\u00e1s repercusi\u00f3n gener\u00f3 en la reciente edici\u00f3n fue la secuencia que afront\u00f3 Brabec en la pen\u00faltima etapa cuando debi\u00f3 frenar su marcha casi a cero por encontrarse con un conjunto de camellos en el camino.<\/p>\n\n\n\n<p>A la vista de la estrecha diferencia del final, muchos consideraron que esa situaci\u00f3n jug\u00f3 a favor del argentino, aunque Benavides se encarg\u00f3 de aclarar que encontrar animales es una situaci\u00f3n habitual por los caminos de Arabia Saudita.<\/p>\n\n\n\n<p>\u201cEsos camellos fueron de la etapa anterior y tambi\u00e9n me trabaron a m\u00ed, nada m\u00e1s que yo iba abriendo pista ese d\u00eda y no me filmaron esa parte. Nos los cruzamos todos los d\u00edas&#8221;, aclar\u00f3 el campe\u00f3n.<\/p>\n\n\n\n<p>El accidente que casi le cuesta el t\u00edtulo<\/p>\n\n\n\n<p>Benavides relat\u00f3 el momento m\u00e1s duro que atraves\u00f3 durante la competencia. Corr\u00eda la etapa 10 cuando el piloto se choc\u00f3 una duna y &#8220;la moto qued\u00f3 totalmente enterrada&#8221;, revel\u00f3.<\/p>\n\n\n\n<p>\u201cEstuve 4 minutos y medio sin poder salir. Me tuve que poner a cavar en la arena. No sab\u00eda si iba a poder salir. Un piloto de atr\u00e1s se fren\u00f3 y me ayud\u00f3 a salir. Fue el momento m\u00e1s dif\u00edcil de pasar, minutos que se hicieron eternos\u201d, explic\u00f3 sobre la tensa situaci\u00f3n.<\/p>\n\n\n\n<p>El sue\u00f1o premonitorio con Messi<\/p>\n\n\n\n<p>Creyente de las se\u00f1ales, el campe\u00f3n del Dakar revel\u00f3 que vio muchos actos que se adjudic\u00f3 como se\u00f1ales. Sin embargo, destac\u00f3 un incre\u00edble sue\u00f1o que tuvo con el astro argentino, Lionel Messi.<\/p>\n\n\n\n<p>\u201cSo\u00f1\u00e9 que Messi me saludaba y me daba el premio\u201d, revel\u00f3 Luciano.<\/p>\n\n\n\n<p>\u201cA tres, cuatro d\u00edas del final del Dakar so\u00f1\u00e9 eso, o ten\u00eda muy fresco. Y aparte nunca so\u00f1\u00e9 con Messi, ni menos en el Dakar\u201d, cerr\u00f3 entre risas.<\/p>\n","protected":false},"excerpt":{"rendered":"<p>En di\u00e1logo con TN, el flamante campe\u00f3n record\u00f3 el dif\u00edcil momento que atraves\u00f3 en la d\u00e9cima etapa y revel\u00f3 c\u00f3mo la imagen del astro argentino lo motiv\u00f3 para su consagraci\u00f3n. Luciano Benavides volvi\u00f3 a la Argentina con el orgullo de haber hecho historia en el Rally Dakar 2026 tras consagrarse campe\u00f3n por primera vez en [&hellip;]<\/p>\n","protected":false},"author":2,"featured_media":105772,"comment_status":"open","ping_status":"open","sticky":false,"template":"","format":"standard","meta":{"tdm_status":"","tdm_grid_status":"","_joinchat":[],"footnotes":""},"categories":[62],"tags":[],"class_list":{"0":"post-105769","1":"post","2":"type-post","3":"status-publish","4":"format-standard","5":"has-post-thumbnail","7":"category-deportes"},"amp_enabled":true,"_links":{"self":[{"href":"https:\/\/www.todoeldia.com\/index.php\/wp-json\/wp\/v2\/posts\/105769","targetHints":{"allow":["GET"]}}],"collection":[{"href":"https:\/\/www.todoeldia.com\/index.php\/wp-json\/wp\/v2\/posts"}],"about":[{"href":"https:\/\/www.todoeldia.com\/index.php\/wp-json\/wp\/v2\/types\/post"}],"author":[{"embeddable":true,"href":"https:\/\/www.todoeldia.com\/index.php\/wp-json\/wp\/v2\/users\/2"}],"replies":[{"embeddable":true,"href":"https:\/\/www.todoeldia.com\/index.php\/wp-json\/wp\/v2\/comments?post=105769"}],"version-history":[{"count":1,"href":"https:\/\/www.todoeldia.com\/index.php\/wp-json\/wp\/v2\/posts\/105769\/revisions"}],"predecessor-version":[{"id":105773,"href":"https:\/\/www.todoeldia.com\/index.php\/wp-json\/wp\/v2\/posts\/105769\/revisions\/105773"}],"wp:featuredmedia":[{"embeddable":true,"href":"https:\/\/www.todoeldia.com\/index.php\/wp-json\/wp\/v2\/media\/105772"}],"wp:attachment":[{"href":"https:\/\/www.todoeldia.com\/index.php\/wp-json\/wp\/v2\/media?parent=105769"}],"wp:term":[{"taxonomy":"category","embeddable":true,"href":"https:\/\/www.todoeldia.com\/index.php\/wp-json\/wp\/v2\/categories?post=105769"},{"taxonomy":"post_tag","embeddable":true,"href":"https:\/\/www.todoeldia.com\/index.php\/wp-json\/wp\/v2\/tags?post=105769"}],"curies":[{"name":"wp","href":"https:\/\/api.w.org\/{rel}","templated":true}]}}