{"id":105779,"date":"2026-01-20T19:41:10","date_gmt":"2026-01-20T22:41:10","guid":{"rendered":"https:\/\/www.todoeldia.com\/?p=105779"},"modified":"2026-01-20T19:41:15","modified_gmt":"2026-01-20T22:41:15","slug":"droga-entre-bananas-asi-cayo-la-banda-que-trasladaba-cocaina-desde-pichanal-hacia-mendoza","status":"publish","type":"post","link":"https:\/\/www.todoeldia.com\/index.php\/2026\/01\/20\/droga-entre-bananas-asi-cayo-la-banda-que-trasladaba-cocaina-desde-pichanal-hacia-mendoza\/","title":{"rendered":"Droga entre bananas: as\u00ed cay\u00f3 la banda que trasladaba coca\u00edna desde Pichanal hacia Mendoza"},"content":{"rendered":"\n<p>Gendarmer\u00eda Nacional intercept\u00f3 un cami\u00f3n en San Juan que transportaba droga oculta en cajas de fruta. La mercader\u00eda ten\u00eda la marca de una conocida organizaci\u00f3n del norte argentino.<\/p>\n\n\n\n<p>En un importante operativo de seguridad, personal de Gendarmer\u00eda Nacional logr\u00f3 frustrar en San Juan el traslado de un cargamento de 64 kilos de coca\u00edna. La droga ten\u00eda como destino final Mendoza.<\/p>\n\n\n\n<p>El cargamento fue descubierto tras el aviso de un camionero que not\u00f3 irregularidades en la carga que deb\u00eda transportar.<\/p>\n\n\n\n<figure class=\"wp-block-image size-full is-resized\"><img loading=\"lazy\" decoding=\"async\" width=\"565\" height=\"646\" src=\"https:\/\/www.todoeldia.com\/wp-content\/uploads\/2026\/01\/image-137.png\" alt=\"\" class=\"wp-image-105781\" style=\"width:1068px;height:auto\" srcset=\"https:\/\/www.todoeldia.com\/wp-content\/uploads\/2026\/01\/image-137.png 565w, https:\/\/www.todoeldia.com\/wp-content\/uploads\/2026\/01\/image-137-262x300.png 262w, https:\/\/www.todoeldia.com\/wp-content\/uploads\/2026\/01\/image-137-367x420.png 367w, https:\/\/www.todoeldia.com\/wp-content\/uploads\/2026\/01\/image-137-300x343.png 300w\" sizes=\"auto, (max-width: 565px) 100vw, 565px\" \/><\/figure>\n\n\n\n<p>El hecho comenz\u00f3 en un dep\u00f3sito ubicado en la calle Calvento, en Villa Krause (Rawson). All\u00ed, el chofer advirti\u00f3 que algunas cajas de madera no coincid\u00edan con el resto de la mercader\u00eda y alert\u00f3 al due\u00f1o del cami\u00f3n antes de iniciar el viaje. Al revisar el veh\u00edculo, los agentes encontraron los ladrillos de coca\u00edna escondidos entre cajones de bananas.<\/p>\n\n\n\n<p>El misterio del \u00abSello del Delf\u00edn\u00bb y el Patr\u00f3n del Norte<\/p>\n\n\n\n<figure class=\"wp-block-image size-large\"><img loading=\"lazy\" decoding=\"async\" width=\"1024\" height=\"552\" src=\"https:\/\/www.todoeldia.com\/wp-content\/uploads\/2026\/01\/image-138-1024x552.png\" alt=\"\" class=\"wp-image-105782\" srcset=\"https:\/\/www.todoeldia.com\/wp-content\/uploads\/2026\/01\/image-138-1024x552.png 1024w, https:\/\/www.todoeldia.com\/wp-content\/uploads\/2026\/01\/image-138-300x162.png 300w, https:\/\/www.todoeldia.com\/wp-content\/uploads\/2026\/01\/image-138-768x414.png 768w, https:\/\/www.todoeldia.com\/wp-content\/uploads\/2026\/01\/image-138-780x420.png 780w, https:\/\/www.todoeldia.com\/wp-content\/uploads\/2026\/01\/image-138-696x375.png 696w, https:\/\/www.todoeldia.com\/wp-content\/uploads\/2026\/01\/image-138-1068x575.png 1068w, https:\/\/www.todoeldia.com\/wp-content\/uploads\/2026\/01\/image-138.png 1279w\" sizes=\"auto, (max-width: 1024px) 100vw, 1024px\" \/><\/figure>\n\n\n\n<p>Un detalle que llam\u00f3 la atenci\u00f3n de los investigadores es que los paquetes de droga llevaban impreso el sello de un delf\u00edn. Hist\u00f3ricamente, esta marca ha sido vinculada a Reinaldo Delf\u00edn Castedo, conocido como &#8220;El Patr\u00f3n del Norte&#8221;, un capo narco que actualmente cumple prisi\u00f3n perpetua en el penal de Ezeiza.<\/p>\n\n\n\n<p>Sin embargo, las autoridades sospechan que estos ladrillos podr\u00edan no pertenecer directamente a \u00e9l. Seg\u00fan fuentes de la investigaci\u00f3n, Castedo habr\u00eda \u00abvendido\u00bb o alquilado su marca y cartera de clientes a otras organizaciones como garant\u00eda de calidad. Actualmente, una de las hip\u00f3tesis principales apunta a una banda relacionada con el clan Jaramillo, oriundo de Salvador Mazza, Salta.<\/p>\n\n\n\n<figure class=\"wp-block-image size-full is-resized\"><img loading=\"lazy\" decoding=\"async\" width=\"858\" height=\"549\" src=\"https:\/\/www.todoeldia.com\/wp-content\/uploads\/2026\/01\/image-139.png\" alt=\"\" class=\"wp-image-105783\" style=\"width:1061px;height:auto\" srcset=\"https:\/\/www.todoeldia.com\/wp-content\/uploads\/2026\/01\/image-139.png 858w, https:\/\/www.todoeldia.com\/wp-content\/uploads\/2026\/01\/image-139-300x192.png 300w, https:\/\/www.todoeldia.com\/wp-content\/uploads\/2026\/01\/image-139-768x491.png 768w, https:\/\/www.todoeldia.com\/wp-content\/uploads\/2026\/01\/image-139-656x420.png 656w, https:\/\/www.todoeldia.com\/wp-content\/uploads\/2026\/01\/image-139-696x445.png 696w\" sizes=\"auto, (max-width: 858px) 100vw, 858px\" \/><\/figure>\n\n\n\n<p>&nbsp;Detenidos y claves de la investigaci\u00f3n<\/p>\n\n\n\n<p>La investigaci\u00f3n federal, que contin\u00faa bajo la \u00f3rbita de la Justicia de San Juan, ya cuenta con resultados concretos:<\/p>\n\n\n\n<p>Un detenido: Se trata de un joven de 27 a\u00f1os identificado como G.M.P., quien habr\u00eda sido contratado para pasar la droga de un cami\u00f3n a otro.<\/p>\n\n\n\n<p>Origen de la droga: El cargamento sali\u00f3 de Pichanal, Salta, y lleg\u00f3 al dep\u00f3sito en San Juan para realizar un \u00abtransbordo\u00bb, una maniobra para evitar ser detectados antes de llegar a Mendoza.<\/p>\n\n\n\n<p>Secuestros: Adem\u00e1s de la coca\u00edna, se incautaron dos veh\u00edculos vinculados a la organizaci\u00f3n.<\/p>\n\n\n\n<p>El dep\u00f3sito donde se realiz\u00f3 el hallazgo pertenece a un supermercado mayorista. Su propietario, un hombre de 70 a\u00f1os, qued\u00f3 vinculado a la causa como testigo. Las autoridades siguen trabajando para identificar a todos los integrantes de esta red que conecta el norte argentino con la regi\u00f3n de Cuyo.<\/p>\n","protected":false},"excerpt":{"rendered":"<p>Gendarmer\u00eda Nacional intercept\u00f3 un cami\u00f3n en San Juan que transportaba droga oculta en cajas de fruta. La mercader\u00eda ten\u00eda la marca de una conocida organizaci\u00f3n del norte argentino. En un importante operativo de seguridad, personal de Gendarmer\u00eda Nacional logr\u00f3 frustrar en San Juan el traslado de un cargamento de 64 kilos de coca\u00edna. La droga [&hellip;]<\/p>\n","protected":false},"author":2,"featured_media":105780,"comment_status":"open","ping_status":"open","sticky":false,"template":"","format":"standard","meta":{"tdm_status":"","tdm_grid_status":"","_joinchat":[],"footnotes":""},"categories":[73],"tags":[],"class_list":{"0":"post-105779","1":"post","2":"type-post","3":"status-publish","4":"format-standard","5":"has-post-thumbnail","7":"category-noticias-general"},"amp_enabled":true,"_links":{"self":[{"href":"https:\/\/www.todoeldia.com\/index.php\/wp-json\/wp\/v2\/posts\/105779","targetHints":{"allow":["GET"]}}],"collection":[{"href":"https:\/\/www.todoeldia.com\/index.php\/wp-json\/wp\/v2\/posts"}],"about":[{"href":"https:\/\/www.todoeldia.com\/index.php\/wp-json\/wp\/v2\/types\/post"}],"author":[{"embeddable":true,"href":"https:\/\/www.todoeldia.com\/index.php\/wp-json\/wp\/v2\/users\/2"}],"replies":[{"embeddable":true,"href":"https:\/\/www.todoeldia.com\/index.php\/wp-json\/wp\/v2\/comments?post=105779"}],"version-history":[{"count":1,"href":"https:\/\/www.todoeldia.com\/index.php\/wp-json\/wp\/v2\/posts\/105779\/revisions"}],"predecessor-version":[{"id":105784,"href":"https:\/\/www.todoeldia.com\/index.php\/wp-json\/wp\/v2\/posts\/105779\/revisions\/105784"}],"wp:featuredmedia":[{"embeddable":true,"href":"https:\/\/www.todoeldia.com\/index.php\/wp-json\/wp\/v2\/media\/105780"}],"wp:attachment":[{"href":"https:\/\/www.todoeldia.com\/index.php\/wp-json\/wp\/v2\/media?parent=105779"}],"wp:term":[{"taxonomy":"category","embeddable":true,"href":"https:\/\/www.todoeldia.com\/index.php\/wp-json\/wp\/v2\/categories?post=105779"},{"taxonomy":"post_tag","embeddable":true,"href":"https:\/\/www.todoeldia.com\/index.php\/wp-json\/wp\/v2\/tags?post=105779"}],"curies":[{"name":"wp","href":"https:\/\/api.w.org\/{rel}","templated":true}]}}