{"id":105795,"date":"2026-01-20T20:04:32","date_gmt":"2026-01-20T23:04:32","guid":{"rendered":"https:\/\/www.todoeldia.com\/?p=105795"},"modified":"2026-01-20T20:04:33","modified_gmt":"2026-01-20T23:04:33","slug":"un-accidente-en-el-mar-lo-dejo-en-coma-inducido-el-drama-de-una-familia-tucumana-en-iquique","status":"publish","type":"post","link":"https:\/\/www.todoeldia.com\/index.php\/2026\/01\/20\/un-accidente-en-el-mar-lo-dejo-en-coma-inducido-el-drama-de-una-familia-tucumana-en-iquique\/","title":{"rendered":"\u201cUn accidente en el mar lo dej\u00f3 en coma inducido\u201d: el drama de una familia tucumana en Iquique"},"content":{"rendered":"\n<p>Rafael Pereira, oriundo de Alderetes, sufri\u00f3 una fractura de cr\u00e1neo tras ser arrastrado por el mar en una playa de Iquique y permanece en coma inducido; sus cuatro hijos quedaron varados en Chile.<\/p>\n\n\n\n<p>Una familia tucumana atraviesa horas cr\u00edticas en Chile luego de que Rafael Pereira, oriundo de Alderetes, Tucum\u00e1n, sufriera un grave accidente en el mar mientras se encontraba de vacaciones con sus hijos. El hombre permanece internado en terapia intensiva, entubado y en coma inducido, con pron\u00f3stico reservado, tras ser arrastrado por una fuerte corriente en una playa de Iquique.<\/p>\n\n\n\n<p>El hecho ocurri\u00f3 el s\u00e1bado 17 de enero, cuando las intensas olas lo golpearon contra el fondo del mar, provoc\u00e1ndole una fractura de cr\u00e1neo. Adem\u00e1s, el ingreso de agua en los pulmones deriv\u00f3 en una infecci\u00f3n que agrav\u00f3 su cuadro cl\u00ednico. \u201cEst\u00e1 muy grave y su diagn\u00f3stico es reservado\u201d, explic\u00f3 Nicole Pereira, una de sus hijas.<\/p>\n\n\n\n<p>Los cuatro hijos de Rafael permanecen en Chile sin poder regresar a Tucum\u00e1n. Se trata de dos hermanas mellizas de 26 a\u00f1os, una joven de 23 y el menor de 21 a\u00f1os. Seg\u00fan relataron, el veh\u00edculo familiar qued\u00f3 en Chile y ninguno de ellos sabe manejar, lo que dificulta cualquier intento de retorno.<\/p>\n\n\n\n<p>A esta situaci\u00f3n se suma la incertidumbre sobre el tiempo de internaci\u00f3n, que podr\u00eda extenderse por semanas o incluso meses. \u201cNo sabemos cu\u00e1nto tiempo vamos a tener que quedarnos\u201d, se\u00f1al\u00f3 Nicole, quien detall\u00f3 que los gastos diarios representan una carga constante.<\/p>\n\n\n\n<p>Rafael est\u00e1 siendo atendido en el hospital de Iquique, donde recibe asistencia en el marco de un convenio bilateral entre Argentina y Chile que cubre emergencias con riesgo de vida. Sin embargo, la familia debe afrontar costos de alojamiento, comida, traslados y elementos de farmacia que solicita el hospital.<\/p>\n\n\n\n<p>Ante el dif\u00edcil panorama, familiares, amigos y compa\u00f1eros de trabajo iniciaron una colecta solidaria en Tucum\u00e1n para ayudar a cubrir los gastos. \u201cLos compa\u00f1eros del Ingenio Concepci\u00f3n organizaron una colecta y nos est\u00e1n ayudando a solventar lo b\u00e1sico\u201d, cont\u00f3 la joven.<\/p>\n\n\n\n<p>Mientras Rafael lucha por su vida, sus hijos permanecen en Chile acompa\u00f1\u00e1ndolo y aguardando una evoluci\u00f3n favorable que permita, m\u00e1s adelante, su traslado a Tucum\u00e1n.<\/p>\n","protected":false},"excerpt":{"rendered":"<p>Rafael Pereira, oriundo de Alderetes, sufri\u00f3 una fractura de cr\u00e1neo tras ser arrastrado por el mar en una playa de Iquique y permanece en coma inducido; sus cuatro hijos quedaron varados en Chile. Una familia tucumana atraviesa horas cr\u00edticas en Chile luego de que Rafael Pereira, oriundo de Alderetes, Tucum\u00e1n, sufriera un grave accidente en [&hellip;]<\/p>\n","protected":false},"author":2,"featured_media":105796,"comment_status":"open","ping_status":"open","sticky":false,"template":"","format":"standard","meta":{"tdm_status":"","tdm_grid_status":"","_joinchat":[],"footnotes":""},"categories":[73],"tags":[],"class_list":{"0":"post-105795","1":"post","2":"type-post","3":"status-publish","4":"format-standard","5":"has-post-thumbnail","7":"category-noticias-general"},"amp_enabled":true,"_links":{"self":[{"href":"https:\/\/www.todoeldia.com\/index.php\/wp-json\/wp\/v2\/posts\/105795","targetHints":{"allow":["GET"]}}],"collection":[{"href":"https:\/\/www.todoeldia.com\/index.php\/wp-json\/wp\/v2\/posts"}],"about":[{"href":"https:\/\/www.todoeldia.com\/index.php\/wp-json\/wp\/v2\/types\/post"}],"author":[{"embeddable":true,"href":"https:\/\/www.todoeldia.com\/index.php\/wp-json\/wp\/v2\/users\/2"}],"replies":[{"embeddable":true,"href":"https:\/\/www.todoeldia.com\/index.php\/wp-json\/wp\/v2\/comments?post=105795"}],"version-history":[{"count":1,"href":"https:\/\/www.todoeldia.com\/index.php\/wp-json\/wp\/v2\/posts\/105795\/revisions"}],"predecessor-version":[{"id":105797,"href":"https:\/\/www.todoeldia.com\/index.php\/wp-json\/wp\/v2\/posts\/105795\/revisions\/105797"}],"wp:featuredmedia":[{"embeddable":true,"href":"https:\/\/www.todoeldia.com\/index.php\/wp-json\/wp\/v2\/media\/105796"}],"wp:attachment":[{"href":"https:\/\/www.todoeldia.com\/index.php\/wp-json\/wp\/v2\/media?parent=105795"}],"wp:term":[{"taxonomy":"category","embeddable":true,"href":"https:\/\/www.todoeldia.com\/index.php\/wp-json\/wp\/v2\/categories?post=105795"},{"taxonomy":"post_tag","embeddable":true,"href":"https:\/\/www.todoeldia.com\/index.php\/wp-json\/wp\/v2\/tags?post=105795"}],"curies":[{"name":"wp","href":"https:\/\/api.w.org\/{rel}","templated":true}]}}