{"id":105829,"date":"2026-01-21T14:41:13","date_gmt":"2026-01-21T17:41:13","guid":{"rendered":"https:\/\/www.todoeldia.com\/?p=105829"},"modified":"2026-01-21T14:41:58","modified_gmt":"2026-01-21T17:41:58","slug":"la-primera-noche-del-color-de-oran-recaudo-mas-de-42-millones","status":"publish","type":"post","link":"https:\/\/www.todoeldia.com\/index.php\/2026\/01\/21\/la-primera-noche-del-color-de-oran-recaudo-mas-de-42-millones\/","title":{"rendered":"La primera noche del Color de Oran recaud\u00f3 m\u00e1s de $ 42 millones"},"content":{"rendered":"\n<p>Los Corsos Color Or\u00e1n 2026 tuvieron un inicio contundente y auspicioso, con una masiva respuesta del p\u00fablico y una recaudaci\u00f3n que marca la magnitud del evento. De acuerdo a datos oficiales brindados por la Comisi\u00f3n Organizadora, durante la primera noche de fiesta, realizada el s\u00e1bado 17 de enero, se vendieron 6.042 entradas, alcanzando una recaudaci\u00f3n total de $42.294.000 por el ingreso al cors\u00f3dromo.<\/p>\n\n\n\n<figure class=\"wp-block-image size-full is-resized\"><img loading=\"lazy\" decoding=\"async\" width=\"1024\" height=\"678\" src=\"https:\/\/www.todoeldia.com\/wp-content\/uploads\/2026\/01\/image-149.png\" alt=\"\" class=\"wp-image-105831\" style=\"width:1063px;height:auto\" srcset=\"https:\/\/www.todoeldia.com\/wp-content\/uploads\/2026\/01\/image-149.png 1024w, https:\/\/www.todoeldia.com\/wp-content\/uploads\/2026\/01\/image-149-300x199.png 300w, https:\/\/www.todoeldia.com\/wp-content\/uploads\/2026\/01\/image-149-768x509.png 768w, https:\/\/www.todoeldia.com\/wp-content\/uploads\/2026\/01\/image-149-634x420.png 634w, https:\/\/www.todoeldia.com\/wp-content\/uploads\/2026\/01\/image-149-696x461.png 696w\" sizes=\"auto, (max-width: 1024px) 100vw, 1024px\" \/><\/figure>\n\n\n\n<p>El tradicional carnaval oranense volvi\u00f3 a confirmar su vigencia y poder de atracci\u00f3n, posicion\u00e1ndose como uno de los acontecimientos culturales, sociales y tur\u00edsticos m\u00e1s importantes de la ciudad. La gran afluencia de vecinos y visitantes no solo aport\u00f3 color, m\u00fasica y alegr\u00eda a la noche inaugural, sino que tambi\u00e9n gener\u00f3 un significativo movimiento econ\u00f3mico en distintos rubros locales.<\/p>\n\n\n\n<figure class=\"wp-block-image size-full is-resized\"><img loading=\"lazy\" decoding=\"async\" width=\"959\" height=\"640\" src=\"https:\/\/www.todoeldia.com\/wp-content\/uploads\/2026\/01\/image-150.png\" alt=\"\" class=\"wp-image-105832\" style=\"width:1061px;height:auto\" srcset=\"https:\/\/www.todoeldia.com\/wp-content\/uploads\/2026\/01\/image-150.png 959w, https:\/\/www.todoeldia.com\/wp-content\/uploads\/2026\/01\/image-150-300x200.png 300w, https:\/\/www.todoeldia.com\/wp-content\/uploads\/2026\/01\/image-150-768x513.png 768w, https:\/\/www.todoeldia.com\/wp-content\/uploads\/2026\/01\/image-150-629x420.png 629w, https:\/\/www.todoeldia.com\/wp-content\/uploads\/2026\/01\/image-150-696x464.png 696w\" sizes=\"auto, (max-width: 959px) 100vw, 959px\" \/><\/figure>\n\n\n\n<p>Desde la organizaci\u00f3n destacaron que los n\u00fameros obtenidos en la primera jornada superaron las expectativas iniciales, lo que permite anticipar un desarrollo exitoso a lo largo de las pr\u00f3ximas noches de corsos. Asimismo, valoraron el trabajo articulado de comparsas, murgas, artistas, trabajadores, personal de seguridad y equipos log\u00edsticos que hacen posible el normal desarrollo del espect\u00e1culo.<\/p>\n\n\n\n<figure class=\"wp-block-image size-full is-resized\"><img loading=\"lazy\" decoding=\"async\" width=\"201\" height=\"251\" src=\"https:\/\/www.todoeldia.com\/wp-content\/uploads\/2026\/01\/image-151.png\" alt=\"\" class=\"wp-image-105833\" style=\"width:1062px;height:auto\"\/><\/figure>\n\n\n\n<p>La destacada recaudaci\u00f3n registrada en el debut de los Corsos Color Or\u00e1n 2026 refuerza el rol del carnaval como una verdadera fiesta popular, que adem\u00e1s de preservar la identidad cultural de Or\u00e1n, genera ingresos y dinamiza la econom\u00eda local.<\/p>\n\n\n\n<figure class=\"wp-block-image size-full is-resized\"><img loading=\"lazy\" decoding=\"async\" width=\"500\" height=\"750\" src=\"https:\/\/www.todoeldia.com\/wp-content\/uploads\/2026\/01\/image-152.png\" alt=\"\" class=\"wp-image-105835\" style=\"width:1054px;height:auto\" srcset=\"https:\/\/www.todoeldia.com\/wp-content\/uploads\/2026\/01\/image-152.png 500w, https:\/\/www.todoeldia.com\/wp-content\/uploads\/2026\/01\/image-152-200x300.png 200w, https:\/\/www.todoeldia.com\/wp-content\/uploads\/2026\/01\/image-152-280x420.png 280w, https:\/\/www.todoeldia.com\/wp-content\/uploads\/2026\/01\/image-152-300x450.png 300w\" sizes=\"auto, (max-width: 500px) 100vw, 500px\" \/><\/figure>\n","protected":false},"excerpt":{"rendered":"<p>Los Corsos Color Or\u00e1n 2026 tuvieron un inicio contundente y auspicioso, con una masiva respuesta del p\u00fablico y una recaudaci\u00f3n que marca la magnitud del evento. De acuerdo a datos oficiales brindados por la Comisi\u00f3n Organizadora, durante la primera noche de fiesta, realizada el s\u00e1bado 17 de enero, se vendieron 6.042 entradas, alcanzando una recaudaci\u00f3n [&hellip;]<\/p>\n","protected":false},"author":2,"featured_media":105830,"comment_status":"open","ping_status":"open","sticky":false,"template":"","format":"standard","meta":{"tdm_status":"","tdm_grid_status":"","_joinchat":[],"footnotes":""},"categories":[73],"tags":[],"class_list":{"0":"post-105829","1":"post","2":"type-post","3":"status-publish","4":"format-standard","5":"has-post-thumbnail","7":"category-noticias-general"},"amp_enabled":true,"_links":{"self":[{"href":"https:\/\/www.todoeldia.com\/index.php\/wp-json\/wp\/v2\/posts\/105829","targetHints":{"allow":["GET"]}}],"collection":[{"href":"https:\/\/www.todoeldia.com\/index.php\/wp-json\/wp\/v2\/posts"}],"about":[{"href":"https:\/\/www.todoeldia.com\/index.php\/wp-json\/wp\/v2\/types\/post"}],"author":[{"embeddable":true,"href":"https:\/\/www.todoeldia.com\/index.php\/wp-json\/wp\/v2\/users\/2"}],"replies":[{"embeddable":true,"href":"https:\/\/www.todoeldia.com\/index.php\/wp-json\/wp\/v2\/comments?post=105829"}],"version-history":[{"count":2,"href":"https:\/\/www.todoeldia.com\/index.php\/wp-json\/wp\/v2\/posts\/105829\/revisions"}],"predecessor-version":[{"id":105836,"href":"https:\/\/www.todoeldia.com\/index.php\/wp-json\/wp\/v2\/posts\/105829\/revisions\/105836"}],"wp:featuredmedia":[{"embeddable":true,"href":"https:\/\/www.todoeldia.com\/index.php\/wp-json\/wp\/v2\/media\/105830"}],"wp:attachment":[{"href":"https:\/\/www.todoeldia.com\/index.php\/wp-json\/wp\/v2\/media?parent=105829"}],"wp:term":[{"taxonomy":"category","embeddable":true,"href":"https:\/\/www.todoeldia.com\/index.php\/wp-json\/wp\/v2\/categories?post=105829"},{"taxonomy":"post_tag","embeddable":true,"href":"https:\/\/www.todoeldia.com\/index.php\/wp-json\/wp\/v2\/tags?post=105829"}],"curies":[{"name":"wp","href":"https:\/\/api.w.org\/{rel}","templated":true}]}}