{"id":105864,"date":"2026-01-22T12:23:01","date_gmt":"2026-01-22T15:23:01","guid":{"rendered":"https:\/\/www.todoeldia.com\/?p=105864"},"modified":"2026-01-22T12:23:39","modified_gmt":"2026-01-22T15:23:39","slug":"fotografos-acreditados-gratis-en-el-corso-color-de-oran-pretenden-cobrar-a-los-medios-las-fotos-difundidas","status":"publish","type":"post","link":"https:\/\/www.todoeldia.com\/index.php\/2026\/01\/22\/fotografos-acreditados-gratis-en-el-corso-color-de-oran-pretenden-cobrar-a-los-medios-las-fotos-difundidas\/","title":{"rendered":"Fot\u00f3grafos acreditados gratis en el Corso Color de Or\u00e1n pretenden cobrar a los medios las fotos difundidas"},"content":{"rendered":"\n<p>La pol\u00e9mica escal\u00f3 y ya no puede disimularse. Un fot\u00f3grafo acreditado por la Comisi\u00f3n Organizadora de los Corsos Color Or\u00e1n public\u00f3 un aviso en el que proh\u00edbe expresamente a los medios de comunicaci\u00f3n utilizar im\u00e1genes o videos de su autor\u00eda sin pagar por ello, advirtiendo incluso que cr\u00e9ditos, menciones o etiquetas no reemplazan el pago econ\u00f3mico. El mensaje, lejos de pasar desapercibido, encendi\u00f3 el enojo y la incredulidad en el \u00e1mbito period\u00edstico local.<\/p>\n\n\n\n<p>El planteo no solo resulta desmedido, sino tambi\u00e9n profundamente contradictorio con la realidad del evento: los fot\u00f3grafos acreditados no pagan absolutamente nada para trabajar en los corsos. No abonan canon, no realizan aportes econ\u00f3micos, no alquilan espacios ni cubren costos de acceso. Por el contrario, reciben una acreditaci\u00f3n gratuita que les permite ingresar a sectores privilegiados del cors\u00f3dromo, cubrir el espect\u00e1culo de cerca y producir material gracias a una organizaci\u00f3n que sostiene el evento con recursos p\u00fablicos y privados.<\/p>\n\n\n\n<p>En este contexto, la actitud de pretender cobrar a los medios por el uso de im\u00e1genes de un evento popular financiado para su difusi\u00f3n resulta, como m\u00ednimo, ins\u00f3lita, y como m\u00e1ximo, una avivada que roza el oportunismo.<\/p>\n\n\n\n<p>Nadie discute que la fotograf\u00eda es un trabajo profesional ni que los derechos de autor existen. Lo que s\u00ed se cuestiona con firmeza es la doble vara: acceso gratuito, beneficios exclusivos y luego facturaci\u00f3n a medios locales que cumplen una funci\u00f3n social esencial, informando y difundiendo una fiesta que pertenece a toda la comunidad.<\/p>\n\n\n\n<p>Seg\u00fan destac\u00f3 Informate Or\u00e1n, los medios de comunicaci\u00f3n de Or\u00e1n no lucran con las im\u00e1genes de los corsos; informan, promocionan, visibilizan y sostienen viva la identidad cultural de la ciudad. Pretender convertir la cobertura period\u00edstica en un negocio privado, sin reglas claras ni acuerdos previos, es atacar directamente el derecho a la informaci\u00f3n y condicionar la labor period\u00edstica con intereses individuales.<\/p>\n\n\n\n<p>M\u00e1s grave a\u00fan es que este tipo de posturas expone una falta total de criterio institucional. Si la intenci\u00f3n era comercializar el material de manera exclusiva, entonces jam\u00e1s debi\u00f3 otorgarse una acreditaci\u00f3n gratuita, o al menos debieron establecerse normas claras desde el inicio. Lo contrario es simple y llanamente aprovecharse del evento y luego intentar monetizarlo a costa de quienes lo difunden.<\/p>\n\n\n\n<p>La Comisi\u00f3n Organizadora tampoco puede mirar para otro lado. Este conflicto deja en evidencia la necesidad urgente de revisar el sistema de acreditaciones, fijar condiciones, responsabilidades y l\u00edmites. De lo contrario, se seguir\u00e1 habilitando un terreno f\u00e9rtil para abusos, tensiones innecesarias y un clima hostil entre trabajadores de la comunicaci\u00f3n.<\/p>\n\n\n\n<p>Los Corsos Color Or\u00e1n son una fiesta popular, no un estudio privado ni una pasarela comercial exclusiva. Convertir su cobertura en un campo de disputas econ\u00f3micas individuales es traicionar el esp\u00edritu del carnaval y faltarle el respeto a la comunidad que lo sostiene a\u00f1o tras a\u00f1o.<\/p>\n","protected":false},"excerpt":{"rendered":"<p>La pol\u00e9mica escal\u00f3 y ya no puede disimularse. Un fot\u00f3grafo acreditado por la Comisi\u00f3n Organizadora de los Corsos Color Or\u00e1n public\u00f3 un aviso en el que proh\u00edbe expresamente a los medios de comunicaci\u00f3n utilizar im\u00e1genes o videos de su autor\u00eda sin pagar por ello, advirtiendo incluso que cr\u00e9ditos, menciones o etiquetas no reemplazan el pago [&hellip;]<\/p>\n","protected":false},"author":2,"featured_media":105831,"comment_status":"open","ping_status":"open","sticky":false,"template":"","format":"standard","meta":{"tdm_status":"","tdm_grid_status":"","_joinchat":[],"footnotes":""},"categories":[73],"tags":[],"class_list":{"0":"post-105864","1":"post","2":"type-post","3":"status-publish","4":"format-standard","5":"has-post-thumbnail","7":"category-noticias-general"},"amp_enabled":true,"_links":{"self":[{"href":"https:\/\/www.todoeldia.com\/index.php\/wp-json\/wp\/v2\/posts\/105864","targetHints":{"allow":["GET"]}}],"collection":[{"href":"https:\/\/www.todoeldia.com\/index.php\/wp-json\/wp\/v2\/posts"}],"about":[{"href":"https:\/\/www.todoeldia.com\/index.php\/wp-json\/wp\/v2\/types\/post"}],"author":[{"embeddable":true,"href":"https:\/\/www.todoeldia.com\/index.php\/wp-json\/wp\/v2\/users\/2"}],"replies":[{"embeddable":true,"href":"https:\/\/www.todoeldia.com\/index.php\/wp-json\/wp\/v2\/comments?post=105864"}],"version-history":[{"count":1,"href":"https:\/\/www.todoeldia.com\/index.php\/wp-json\/wp\/v2\/posts\/105864\/revisions"}],"predecessor-version":[{"id":105865,"href":"https:\/\/www.todoeldia.com\/index.php\/wp-json\/wp\/v2\/posts\/105864\/revisions\/105865"}],"wp:featuredmedia":[{"embeddable":true,"href":"https:\/\/www.todoeldia.com\/index.php\/wp-json\/wp\/v2\/media\/105831"}],"wp:attachment":[{"href":"https:\/\/www.todoeldia.com\/index.php\/wp-json\/wp\/v2\/media?parent=105864"}],"wp:term":[{"taxonomy":"category","embeddable":true,"href":"https:\/\/www.todoeldia.com\/index.php\/wp-json\/wp\/v2\/categories?post=105864"},{"taxonomy":"post_tag","embeddable":true,"href":"https:\/\/www.todoeldia.com\/index.php\/wp-json\/wp\/v2\/tags?post=105864"}],"curies":[{"name":"wp","href":"https:\/\/api.w.org\/{rel}","templated":true}]}}