{"id":105873,"date":"2026-01-22T13:56:15","date_gmt":"2026-01-22T16:56:15","guid":{"rendered":"https:\/\/www.todoeldia.com\/?p=105873"},"modified":"2026-01-22T13:56:16","modified_gmt":"2026-01-22T16:56:16","slug":"la-municipalidad-desalojo-a-los-okupas-del-cerro-san-bernardo","status":"publish","type":"post","link":"https:\/\/www.todoeldia.com\/index.php\/2026\/01\/22\/la-municipalidad-desalojo-a-los-okupas-del-cerro-san-bernardo\/","title":{"rendered":"La Municipalidad desaloj\u00f3 a los \u201cokupas\u201d del cerro San Bernardo"},"content":{"rendered":"\n<p>Tras denuncias vecinales, la Municipalidad realiz\u00f3 un operativo especial de despeje y limpieza ante la presencia de un grupo de personas que hab\u00edan levantado una casilla donde dorm\u00edan. Tambi\u00e9n prend\u00edan fuego en el lugar. Se retir\u00f3 un cami\u00f3n lleno de basura.<\/p>\n\n\n\n<p>Un grupo de personas ocup\u00f3 la reserva natural para dormir y hasta hac\u00edan fuego para cocinar.&nbsp; Personal municipal realiz\u00f3 un operativo de despeje y saneamiento. Se retir\u00f3 un cami\u00f3n lleno de basura.<\/p>\n\n\n\n<figure class=\"wp-block-image size-full is-resized\"><img loading=\"lazy\" decoding=\"async\" width=\"909\" height=\"358\" src=\"https:\/\/www.todoeldia.com\/wp-content\/uploads\/2026\/01\/image-155.png\" alt=\"\" class=\"wp-image-105875\" style=\"width:1060px;height:auto\" srcset=\"https:\/\/www.todoeldia.com\/wp-content\/uploads\/2026\/01\/image-155.png 909w, https:\/\/www.todoeldia.com\/wp-content\/uploads\/2026\/01\/image-155-300x118.png 300w, https:\/\/www.todoeldia.com\/wp-content\/uploads\/2026\/01\/image-155-768x302.png 768w, https:\/\/www.todoeldia.com\/wp-content\/uploads\/2026\/01\/image-155-696x274.png 696w\" sizes=\"auto, (max-width: 909px) 100vw, 909px\" \/><\/figure>\n\n\n\n<p>Nuevamente la Municipalidad, a trav\u00e9s del personal de la Patrulla Ambiental, realiz\u00f3 un operativo especial de saneamiento en un sector de la ladera del cerro San Bernardo.<\/p>\n\n\n\n<p>En esta ocasi\u00f3n, vecinos de la zona hab\u00edan denunciado la presencia de un grupo de personas que hab\u00edan hecho una ocupaci\u00f3n indebida de la reserva natural.<\/p>\n\n\n\n<p>En el lugar, los guarda parques lograron identificar y notificar en varias oportunidades a estas personas para que se retiren del sitio, pero ante la falta de colaboraci\u00f3n es que se llev\u00f3 a cabo el operativo de despeje.<\/p>\n\n\n\n<figure class=\"wp-block-image size-full is-resized\"><img loading=\"lazy\" decoding=\"async\" width=\"394\" height=\"499\" src=\"https:\/\/www.todoeldia.com\/wp-content\/uploads\/2026\/01\/image-157.png\" alt=\"\" class=\"wp-image-105877\" style=\"width:1068px;height:auto\" srcset=\"https:\/\/www.todoeldia.com\/wp-content\/uploads\/2026\/01\/image-157.png 394w, https:\/\/www.todoeldia.com\/wp-content\/uploads\/2026\/01\/image-157-237x300.png 237w, https:\/\/www.todoeldia.com\/wp-content\/uploads\/2026\/01\/image-157-332x420.png 332w, https:\/\/www.todoeldia.com\/wp-content\/uploads\/2026\/01\/image-157-300x380.png 300w\" sizes=\"auto, (max-width: 394px) 100vw, 394px\" \/><\/figure>\n\n\n\n<p>El sitio presentaba la acumulaci\u00f3n de una importante cantidad de basura y chatarra convirtiendo el lugar en un micro basural, tambi\u00e9n hab\u00edan levantado e instalado una casilla donde adem\u00e1s de dormir encend\u00edan fuego para cocinar, lo que representaba un riesgo de incendio en la zona.<\/p>\n\n\n\n<p>Adem\u00e1s de desalojar y recuperar este sector, se retir\u00f3 un cami\u00f3n completo con la totalidad de los residuos dispuestos adentro de la reserva.<\/p>\n","protected":false},"excerpt":{"rendered":"<p>Tras denuncias vecinales, la Municipalidad realiz\u00f3 un operativo especial de despeje y limpieza ante la presencia de un grupo de personas que hab\u00edan levantado una casilla donde dorm\u00edan. Tambi\u00e9n prend\u00edan fuego en el lugar. Se retir\u00f3 un cami\u00f3n lleno de basura. Un grupo de personas ocup\u00f3 la reserva natural para dormir y hasta hac\u00edan fuego [&hellip;]<\/p>\n","protected":false},"author":2,"featured_media":105874,"comment_status":"open","ping_status":"open","sticky":false,"template":"","format":"standard","meta":{"tdm_status":"","tdm_grid_status":"","_joinchat":[],"footnotes":""},"categories":[73],"tags":[],"class_list":{"0":"post-105873","1":"post","2":"type-post","3":"status-publish","4":"format-standard","5":"has-post-thumbnail","7":"category-noticias-general"},"amp_enabled":true,"_links":{"self":[{"href":"https:\/\/www.todoeldia.com\/index.php\/wp-json\/wp\/v2\/posts\/105873","targetHints":{"allow":["GET"]}}],"collection":[{"href":"https:\/\/www.todoeldia.com\/index.php\/wp-json\/wp\/v2\/posts"}],"about":[{"href":"https:\/\/www.todoeldia.com\/index.php\/wp-json\/wp\/v2\/types\/post"}],"author":[{"embeddable":true,"href":"https:\/\/www.todoeldia.com\/index.php\/wp-json\/wp\/v2\/users\/2"}],"replies":[{"embeddable":true,"href":"https:\/\/www.todoeldia.com\/index.php\/wp-json\/wp\/v2\/comments?post=105873"}],"version-history":[{"count":1,"href":"https:\/\/www.todoeldia.com\/index.php\/wp-json\/wp\/v2\/posts\/105873\/revisions"}],"predecessor-version":[{"id":105878,"href":"https:\/\/www.todoeldia.com\/index.php\/wp-json\/wp\/v2\/posts\/105873\/revisions\/105878"}],"wp:featuredmedia":[{"embeddable":true,"href":"https:\/\/www.todoeldia.com\/index.php\/wp-json\/wp\/v2\/media\/105874"}],"wp:attachment":[{"href":"https:\/\/www.todoeldia.com\/index.php\/wp-json\/wp\/v2\/media?parent=105873"}],"wp:term":[{"taxonomy":"category","embeddable":true,"href":"https:\/\/www.todoeldia.com\/index.php\/wp-json\/wp\/v2\/categories?post=105873"},{"taxonomy":"post_tag","embeddable":true,"href":"https:\/\/www.todoeldia.com\/index.php\/wp-json\/wp\/v2\/tags?post=105873"}],"curies":[{"name":"wp","href":"https:\/\/api.w.org\/{rel}","templated":true}]}}