{"id":105879,"date":"2026-01-22T14:48:27","date_gmt":"2026-01-22T17:48:27","guid":{"rendered":"https:\/\/www.todoeldia.com\/?p=105879"},"modified":"2026-01-22T14:48:28","modified_gmt":"2026-01-22T17:48:28","slug":"el-delincuente-detenido-realizo-mas-de-20-robos-en-la-zona-de-grand-bourg-y-barrios-aledanos","status":"publish","type":"post","link":"https:\/\/www.todoeldia.com\/index.php\/2026\/01\/22\/el-delincuente-detenido-realizo-mas-de-20-robos-en-la-zona-de-grand-bourg-y-barrios-aledanos\/","title":{"rendered":"El delincuente detenido realiz\u00f3 m\u00e1s de 20 robos en la zona de Grand Bourg y barrios aleda\u00f1os"},"content":{"rendered":"\n<p>Se trata de sustracciones cometidas en veh\u00edculos, domicilios y locales comerciales. El an\u00e1lisis de c\u00e1maras de seguridad privadas y del 911, permiti\u00f3 identificar al sospechoso.<\/p>\n\n\n\n<p>El&nbsp;fiscal penal, Pablo Paz, imput\u00f3 a un hombre por la presunta comisi\u00f3n de los delitos de&nbsp;hurto simple (once hechos), hurto simple en grado de tentativa (cuatro hechos), hurto calificado por escalamiento en grado de tentativa, robo simple, robo simple en grado de tentativa y da\u00f1os,&nbsp;en hechos ocurridos en distintos barrios de la zona oeste de la ciudad de Salta.<\/p>\n\n\n\n<p>El acusado fue asistido por la defensa oficial e hizo uso de su derecho a no declarar.<\/p>\n\n\n\n<p>La imputaci\u00f3n se vincula con una serie de episodios ocurridos en los barrios Jes\u00fas Mar\u00eda, Palermo, Palermo I, Palermo II, Villa Asunci\u00f3n, Garc\u00eda Basalo, Palmerita, Grand Bourg y Las Magdalenas.<\/p>\n\n\n\n<p>De acuerdo con la investigaci\u00f3n, el accionar atribuido consisti\u00f3 en la sustracci\u00f3n de distintos elementos desde veh\u00edculos estacionados en la v\u00eda p\u00fablica, domicilios particulares y locales comerciales. En algunos casos, las conductas se consumaron, mientras que en otros fueron frustradas por la intervenci\u00f3n de vecinos, o por circunstancias ajenas a la voluntad del imputado. Parte de los bienes sustra\u00eddos fueron recuperados durante los procedimientos policiales.<\/p>\n\n\n\n<p>La causa se sustenta en diversas medidas probatorias, entre ellas el an\u00e1lisis de registros f\u00edlmicos, declaraciones testimoniales y actuaciones policiales, que permitieron identificar al sospechoso y vincularlo con la investigaci\u00f3n.<\/p>\n","protected":false},"excerpt":{"rendered":"<p>Se trata de sustracciones cometidas en veh\u00edculos, domicilios y locales comerciales. El an\u00e1lisis de c\u00e1maras de seguridad privadas y del 911, permiti\u00f3 identificar al sospechoso. El&nbsp;fiscal penal, Pablo Paz, imput\u00f3 a un hombre por la presunta comisi\u00f3n de los delitos de&nbsp;hurto simple (once hechos), hurto simple en grado de tentativa (cuatro hechos), hurto calificado por [&hellip;]<\/p>\n","protected":false},"author":2,"featured_media":105754,"comment_status":"open","ping_status":"open","sticky":false,"template":"","format":"standard","meta":{"tdm_status":"","tdm_grid_status":"","_joinchat":[],"footnotes":""},"categories":[63],"tags":[],"class_list":{"0":"post-105879","1":"post","2":"type-post","3":"status-publish","4":"format-standard","5":"has-post-thumbnail","7":"category-policiales"},"amp_enabled":true,"_links":{"self":[{"href":"https:\/\/www.todoeldia.com\/index.php\/wp-json\/wp\/v2\/posts\/105879","targetHints":{"allow":["GET"]}}],"collection":[{"href":"https:\/\/www.todoeldia.com\/index.php\/wp-json\/wp\/v2\/posts"}],"about":[{"href":"https:\/\/www.todoeldia.com\/index.php\/wp-json\/wp\/v2\/types\/post"}],"author":[{"embeddable":true,"href":"https:\/\/www.todoeldia.com\/index.php\/wp-json\/wp\/v2\/users\/2"}],"replies":[{"embeddable":true,"href":"https:\/\/www.todoeldia.com\/index.php\/wp-json\/wp\/v2\/comments?post=105879"}],"version-history":[{"count":1,"href":"https:\/\/www.todoeldia.com\/index.php\/wp-json\/wp\/v2\/posts\/105879\/revisions"}],"predecessor-version":[{"id":105880,"href":"https:\/\/www.todoeldia.com\/index.php\/wp-json\/wp\/v2\/posts\/105879\/revisions\/105880"}],"wp:featuredmedia":[{"embeddable":true,"href":"https:\/\/www.todoeldia.com\/index.php\/wp-json\/wp\/v2\/media\/105754"}],"wp:attachment":[{"href":"https:\/\/www.todoeldia.com\/index.php\/wp-json\/wp\/v2\/media?parent=105879"}],"wp:term":[{"taxonomy":"category","embeddable":true,"href":"https:\/\/www.todoeldia.com\/index.php\/wp-json\/wp\/v2\/categories?post=105879"},{"taxonomy":"post_tag","embeddable":true,"href":"https:\/\/www.todoeldia.com\/index.php\/wp-json\/wp\/v2\/tags?post=105879"}],"curies":[{"name":"wp","href":"https:\/\/api.w.org\/{rel}","templated":true}]}}