{"id":105881,"date":"2026-01-22T14:56:47","date_gmt":"2026-01-22T17:56:47","guid":{"rendered":"https:\/\/www.todoeldia.com\/?p=105881"},"modified":"2026-01-22T14:56:48","modified_gmt":"2026-01-22T17:56:48","slug":"la-municipalidad-ya-tiene-los-800-beneficiarios-que-recibiran-las-becas-para-estudiar-idiomas","status":"publish","type":"post","link":"https:\/\/www.todoeldia.com\/index.php\/2026\/01\/22\/la-municipalidad-ya-tiene-los-800-beneficiarios-que-recibiran-las-becas-para-estudiar-idiomas\/","title":{"rendered":"La Municipalidad ya tiene los 800 beneficiarios que recibir\u00e1n las becas para estudiar idiomas"},"content":{"rendered":"\n<p>Ante la gran demanda registrada, la Municipalidad defini\u00f3 mediante un sorteo p\u00fablico y transmitido en vivo a los beneficiarios de las becas de idiomas que se dictar\u00e1n en el Centro de Lenguas de la UNSa, garantizando as\u00ed un proceso transparente.<\/p>\n\n\n\n<p>En una jornada marcada por la gran expectativa de la comunidad, la Municipalidad de Salta llev\u00f3 adelante el sorteo de las 800 becas destinadas a la formaci\u00f3n en lenguas extranjeras en el Centro de Lenguas de la Universidad Nacional de Salta (UNSa). La iniciativa cerr\u00f3 su etapa de convocatoria con un total de 7.883 preinscriptos.<\/p>\n\n\n\n<p>Debido al enorme inter\u00e9s que despert\u00f3 esta formaci\u00f3n, la selecci\u00f3n final de los beneficiarios se defini\u00f3 mediante un sorteo ante la escribana p\u00fablica, Gabriela Causarano, que se llev\u00f3 a cabo este mediod\u00eda y fue transmitido en directo a trav\u00e9s del canal oficial de YouTube de la Municipalidad, permitiendo que los miles de postulantes siguieran los resultados en tiempo real.<\/p>\n\n\n\n<p>Al respecto, Claudia Vilte, coordinadora de la Escuela de Emprendedores, destac\u00f3 la transparencia del proceso y record\u00f3 que la formaci\u00f3n comenzar\u00e1 el 10 de febrero y se extender\u00e1 por tres meses. El cursado ser\u00e1 bajo una modalidad mayormente virtual con una tutor\u00eda presencial mensual en la sede de Independencia 910.<\/p>\n\n\n\n<figure class=\"wp-block-image size-full is-resized\"><img loading=\"lazy\" decoding=\"async\" width=\"834\" height=\"555\" src=\"https:\/\/www.todoeldia.com\/wp-content\/uploads\/2026\/01\/image-158.png\" alt=\"\" class=\"wp-image-105883\" style=\"width:1052px;height:auto\" srcset=\"https:\/\/www.todoeldia.com\/wp-content\/uploads\/2026\/01\/image-158.png 834w, https:\/\/www.todoeldia.com\/wp-content\/uploads\/2026\/01\/image-158-300x200.png 300w, https:\/\/www.todoeldia.com\/wp-content\/uploads\/2026\/01\/image-158-768x511.png 768w, https:\/\/www.todoeldia.com\/wp-content\/uploads\/2026\/01\/image-158-631x420.png 631w, https:\/\/www.todoeldia.com\/wp-content\/uploads\/2026\/01\/image-158-696x463.png 696w\" sizes=\"auto, (max-width: 834px) 100vw, 834px\" \/><\/figure>\n\n\n\n<p>Quienes resultaron seleccionados en el sorteo, ser\u00e1n formalmente notificados al igual que el grupo de suplentes.<\/p>\n\n\n\n<p>Conoc\u00e9 el listado de personas seleccionadas por idioma:<\/p>\n\n\n\n<p><strong>Franc\u00e9s<\/strong><\/p>\n\n\n\n<p>Cupo: 100 personas<\/p>\n\n\n\n<p>Suplentes: 50<\/p>\n\n\n\n<p>Beneficiarios: https:\/\/app-sorteos.com\/w\/D1EZGJG<\/p>\n\n\n\n<p><strong>Portugu\u00e9s<\/strong><\/p>\n\n\n\n<p>Cupo: 100 personas<\/p>\n\n\n\n<p>Suplentes: 50<\/p>\n\n\n\n<p>Beneficiarios: https:\/\/app-sorteos.com\/w\/D1EZGQO<\/p>\n\n\n\n<p><strong>Coreano<\/strong><\/p>\n\n\n\n<p>Cupo: 150 personas<\/p>\n\n\n\n<p>Suplentes: 50<\/p>\n\n\n\n<p>Beneficiarios: https:\/\/app-sorteos.com\/w\/86QNVQN<\/p>\n\n\n\n<p>&nbsp;<strong>Ingl\u00e9s<\/strong><\/p>\n\n\n\n<p>Cupo: 450<\/p>\n\n\n\n<p>Suplentes: 50<\/p>\n\n\n\n<p>Beneficiarios: https:\/\/app-sorteos.com\/w\/86QNVP6<\/p>\n","protected":false},"excerpt":{"rendered":"<p>Ante la gran demanda registrada, la Municipalidad defini\u00f3 mediante un sorteo p\u00fablico y transmitido en vivo a los beneficiarios de las becas de idiomas que se dictar\u00e1n en el Centro de Lenguas de la UNSa, garantizando as\u00ed un proceso transparente. En una jornada marcada por la gran expectativa de la comunidad, la Municipalidad de Salta [&hellip;]<\/p>\n","protected":false},"author":2,"featured_media":105882,"comment_status":"open","ping_status":"open","sticky":false,"template":"","format":"standard","meta":{"tdm_status":"","tdm_grid_status":"","_joinchat":[],"footnotes":""},"categories":[73],"tags":[],"class_list":{"0":"post-105881","1":"post","2":"type-post","3":"status-publish","4":"format-standard","5":"has-post-thumbnail","7":"category-noticias-general"},"amp_enabled":true,"_links":{"self":[{"href":"https:\/\/www.todoeldia.com\/index.php\/wp-json\/wp\/v2\/posts\/105881","targetHints":{"allow":["GET"]}}],"collection":[{"href":"https:\/\/www.todoeldia.com\/index.php\/wp-json\/wp\/v2\/posts"}],"about":[{"href":"https:\/\/www.todoeldia.com\/index.php\/wp-json\/wp\/v2\/types\/post"}],"author":[{"embeddable":true,"href":"https:\/\/www.todoeldia.com\/index.php\/wp-json\/wp\/v2\/users\/2"}],"replies":[{"embeddable":true,"href":"https:\/\/www.todoeldia.com\/index.php\/wp-json\/wp\/v2\/comments?post=105881"}],"version-history":[{"count":1,"href":"https:\/\/www.todoeldia.com\/index.php\/wp-json\/wp\/v2\/posts\/105881\/revisions"}],"predecessor-version":[{"id":105884,"href":"https:\/\/www.todoeldia.com\/index.php\/wp-json\/wp\/v2\/posts\/105881\/revisions\/105884"}],"wp:featuredmedia":[{"embeddable":true,"href":"https:\/\/www.todoeldia.com\/index.php\/wp-json\/wp\/v2\/media\/105882"}],"wp:attachment":[{"href":"https:\/\/www.todoeldia.com\/index.php\/wp-json\/wp\/v2\/media?parent=105881"}],"wp:term":[{"taxonomy":"category","embeddable":true,"href":"https:\/\/www.todoeldia.com\/index.php\/wp-json\/wp\/v2\/categories?post=105881"},{"taxonomy":"post_tag","embeddable":true,"href":"https:\/\/www.todoeldia.com\/index.php\/wp-json\/wp\/v2\/tags?post=105881"}],"curies":[{"name":"wp","href":"https:\/\/api.w.org\/{rel}","templated":true}]}}