{"id":105909,"date":"2026-01-23T10:40:47","date_gmt":"2026-01-23T13:40:47","guid":{"rendered":"https:\/\/www.todoeldia.com\/?p=105909"},"modified":"2026-01-23T10:40:48","modified_gmt":"2026-01-23T13:40:48","slug":"anoche-otro-apagon-masivo-dejo-al-norte-sin-energia-electrica-durante-varias-horas","status":"publish","type":"post","link":"https:\/\/www.todoeldia.com\/index.php\/2026\/01\/23\/anoche-otro-apagon-masivo-dejo-al-norte-sin-energia-electrica-durante-varias-horas\/","title":{"rendered":"Anoche otro apag\u00f3n masivo dej\u00f3 al norte sin energ\u00eda el\u00e9ctrica durante varias horas"},"content":{"rendered":"\n<p>Un nuevo corte generalizado de energ\u00eda el\u00e9ctrica volvi\u00f3 a golpear este jueves a gran parte del norte de la provincia de Salta y a sectores de Jujuy, dejando sin suministro a miles de usuarios de los departamentos Or\u00e1n, San Mart\u00edn y Rivadavia. Una situaci\u00f3n que se repite con alarmante frecuencia y que vuelve a exponer el p\u00e9simo estado del servicio el\u00e9ctrico en la regi\u00f3n.<\/p>\n\n\n\n<p>Lo m\u00e1s llamativo del episodio es que no se registraban temperaturas extremas, picos excepcionales de consumo ni fen\u00f3menos clim\u00e1ticos adversos que pudieran justificar la interrupci\u00f3n. En pleno verano, pero bajo condiciones normales, el sistema volvi\u00f3 a fallar, una vez m\u00e1s.<\/p>\n\n\n\n<p>A trav\u00e9s de un comunicado oficial, la empresa distribuidora EDESA inform\u00f3 que \u201cse produjo la salida de servicio de la L\u00ednea de Alta Tensi\u00f3n de 132 kV en el tramo San Pedro \u2013 Libertador\u201d, infraestructura que \u2014seg\u00fan indicaron\u2014 es \u201coperada y mantenida por la empresa transportista TRANSNOA\u201d. De acuerdo a la versi\u00f3n oficial, esta falla habr\u00eda sido la causa directa de los cortes en distintas localidades del norte provincial.<\/p>\n\n\n\n<p>Desde EDESA aseguraron adem\u00e1s que \u201cequipos trabajan coordinadamente con TRANSNOA para dar seguimiento a la situaci\u00f3n\u201d, aunque no brindaron precisiones sobre los tiempos de restituci\u00f3n total del servicio, ni explicaciones t\u00e9cnicas claras sobre el origen del desperfecto.<\/p>\n\n\n\n<p>Mientras tanto, la escena volvi\u00f3 a repetirse: barrios enteros sin luz, comercios obligados a cerrar, alimentos echados a perder en c\u00e1maras de fr\u00edo, servicios interrumpidos y vecinos indignados por un sistema que no logra garantizar un suministro estable ni confiable.<\/p>\n\n\n\n<p>A esta situaci\u00f3n se suma un dato clave que agrava a\u00fan m\u00e1s el problema: Or\u00e1n no cuenta con reserva fr\u00eda, lo que deja a toda la zona extremadamente vulnerable ante cualquier falla en el sistema de transporte el\u00e9ctrico. Pese a los reclamos que se vienen realizando desde hace a\u00f1os, los referentes pol\u00edticos y los organismos de control hacen o\u00eddos sordos a una problem\u00e1tica estructural que afecta a miles de familias.<\/p>\n\n\n\n<p>La estrategia de deslindar responsabilidades entre empresas tambi\u00e9n se repite. Cada apag\u00f3n trae consigo el mismo libreto: la distribuidora culpa a la transportista, la transportista guarda silencio y el Ente Regulador de los Servicios P\u00fablicos permanece ausente, sin controles visibles ni sanciones que obliguen a mejorar un servicio claramente deficiente.<\/p>\n\n\n\n<p>Todo esto ocurre mientras el sistema el\u00e9ctrico recauda miles de millones de pesos por mes, sin que esas ganancias se traduzcan en inversiones reales y sostenidas para fortalecer la infraestructura. En una regi\u00f3n hist\u00f3ricamente postergada, los cortes de energ\u00eda se han vuelto parte de la rutina.<\/p>\n\n\n\n<p>Sin obras de fondo, sin planificaci\u00f3n y sin respuestas concretas, el norte de Salta contin\u00faa pagando las consecuencias de un sistema el\u00e9ctrico fr\u00e1gil, mal gestionado y sin control efectivo.<\/p>\n\n\n\n<p>Provincia City<\/p>\n","protected":false},"excerpt":{"rendered":"<p>Un nuevo corte generalizado de energ\u00eda el\u00e9ctrica volvi\u00f3 a golpear este jueves a gran parte del norte de la provincia de Salta y a sectores de Jujuy, dejando sin suministro a miles de usuarios de los departamentos Or\u00e1n, San Mart\u00edn y Rivadavia. Una situaci\u00f3n que se repite con alarmante frecuencia y que vuelve a exponer [&hellip;]<\/p>\n","protected":false},"author":2,"featured_media":105910,"comment_status":"open","ping_status":"open","sticky":false,"template":"","format":"standard","meta":{"tdm_status":"","tdm_grid_status":"","_joinchat":[],"footnotes":""},"categories":[73],"tags":[],"class_list":{"0":"post-105909","1":"post","2":"type-post","3":"status-publish","4":"format-standard","5":"has-post-thumbnail","7":"category-noticias-general"},"amp_enabled":true,"_links":{"self":[{"href":"https:\/\/www.todoeldia.com\/index.php\/wp-json\/wp\/v2\/posts\/105909","targetHints":{"allow":["GET"]}}],"collection":[{"href":"https:\/\/www.todoeldia.com\/index.php\/wp-json\/wp\/v2\/posts"}],"about":[{"href":"https:\/\/www.todoeldia.com\/index.php\/wp-json\/wp\/v2\/types\/post"}],"author":[{"embeddable":true,"href":"https:\/\/www.todoeldia.com\/index.php\/wp-json\/wp\/v2\/users\/2"}],"replies":[{"embeddable":true,"href":"https:\/\/www.todoeldia.com\/index.php\/wp-json\/wp\/v2\/comments?post=105909"}],"version-history":[{"count":1,"href":"https:\/\/www.todoeldia.com\/index.php\/wp-json\/wp\/v2\/posts\/105909\/revisions"}],"predecessor-version":[{"id":105911,"href":"https:\/\/www.todoeldia.com\/index.php\/wp-json\/wp\/v2\/posts\/105909\/revisions\/105911"}],"wp:featuredmedia":[{"embeddable":true,"href":"https:\/\/www.todoeldia.com\/index.php\/wp-json\/wp\/v2\/media\/105910"}],"wp:attachment":[{"href":"https:\/\/www.todoeldia.com\/index.php\/wp-json\/wp\/v2\/media?parent=105909"}],"wp:term":[{"taxonomy":"category","embeddable":true,"href":"https:\/\/www.todoeldia.com\/index.php\/wp-json\/wp\/v2\/categories?post=105909"},{"taxonomy":"post_tag","embeddable":true,"href":"https:\/\/www.todoeldia.com\/index.php\/wp-json\/wp\/v2\/tags?post=105909"}],"curies":[{"name":"wp","href":"https:\/\/api.w.org\/{rel}","templated":true}]}}