{"id":105918,"date":"2026-01-23T11:52:48","date_gmt":"2026-01-23T14:52:48","guid":{"rendered":"https:\/\/www.todoeldia.com\/?p=105918"},"modified":"2026-01-23T11:52:49","modified_gmt":"2026-01-23T14:52:49","slug":"la-municipalidad-de-r-de-la-frontera-distinguio-a-los-subcampeones-del-malambo-en-laborde","status":"publish","type":"post","link":"https:\/\/www.todoeldia.com\/index.php\/2026\/01\/23\/la-municipalidad-de-r-de-la-frontera-distinguio-a-los-subcampeones-del-malambo-en-laborde\/","title":{"rendered":"La Municipalidad de R\u00b0 de la Frontera distingui\u00f3 a los subcampeones del malambo en Laborde"},"content":{"rendered":"\n<p>En un acto cargado de emoci\u00f3n y aplausos, la municipalidad de Rosario de la Frontera distingui\u00f3 a Los Ariscos, subcampeones nacionales de Malambo Menor en el prestigioso certamen de Laborde 2026. El reconocimiento se realiz\u00f3 en la sala de juntas del edificio municipal y fue encabezado por el intendente Kuldeep Singh, acompa\u00f1ado por la directora de Cultura de Met\u00e1n, Adriana Caz\u00f3n, el profesor de malambo Gast\u00f3n Torres y el delegado de la sede Pre Laborde Salta.<\/p>\n\n\n\n<p>Durante el encuentro se destac\u00f3 el esfuerzo, la disciplina y el talento de los j\u00f3venes bailarines que lograron subirse al podio en uno de los escenarios m\u00e1s importantes del folclore argentino, llevando el nombre de San Jos\u00e9 de Met\u00e1n, Rosario de la Frontera y de la provincia de Salta a lo m\u00e1s alto.<\/p>\n\n\n\n<figure class=\"wp-block-image size-large\"><img loading=\"lazy\" decoding=\"async\" width=\"1024\" height=\"806\" src=\"https:\/\/www.todoeldia.com\/wp-content\/uploads\/2026\/01\/image-161-1024x806.png\" alt=\"\" class=\"wp-image-105920\" srcset=\"https:\/\/www.todoeldia.com\/wp-content\/uploads\/2026\/01\/image-161-1024x806.png 1024w, https:\/\/www.todoeldia.com\/wp-content\/uploads\/2026\/01\/image-161-300x236.png 300w, https:\/\/www.todoeldia.com\/wp-content\/uploads\/2026\/01\/image-161-768x604.png 768w, https:\/\/www.todoeldia.com\/wp-content\/uploads\/2026\/01\/image-161-534x420.png 534w, https:\/\/www.todoeldia.com\/wp-content\/uploads\/2026\/01\/image-161-696x547.png 696w, https:\/\/www.todoeldia.com\/wp-content\/uploads\/2026\/01\/image-161-1068x840.png 1068w, https:\/\/www.todoeldia.com\/wp-content\/uploads\/2026\/01\/image-161.png 1092w\" sizes=\"auto, (max-width: 1024px) 100vw, 1024px\" \/><\/figure>\n\n\n\n<p>En ese marco, el jefe comunal felicit\u00f3 a la delegaci\u00f3n y los invit\u00f3 formalmente a presentarse en la Chaya Rosarina 2026, como reconocimiento p\u00fablico a su destacada actuaci\u00f3n. La propuesta fue celebrada por los presentes, quienes remarcaron la importancia de brindar espacios de visibilizaci\u00f3n a los artistas locales y regionales.<\/p>\n\n\n\n<p>El grupo est\u00e1 integrado por Francisco Torres, Leonel Coronel, Mart\u00edn Palma y Bruno Valdiviezo, este \u00faltimo oriundo de la vecina localidad de Rosario de la Frontera, lo que refuerza el car\u00e1cter regional del logro. Unidos por la pasi\u00f3n por el malambo, los cuatro j\u00f3venes alcanzaron un objetivo que es motivo de orgullo para toda la provincia.<\/p>\n\n\n\n<figure class=\"wp-block-image size-large\"><img loading=\"lazy\" decoding=\"async\" width=\"1024\" height=\"791\" src=\"https:\/\/www.todoeldia.com\/wp-content\/uploads\/2026\/01\/image-162-1024x791.png\" alt=\"\" class=\"wp-image-105921\" srcset=\"https:\/\/www.todoeldia.com\/wp-content\/uploads\/2026\/01\/image-162-1024x791.png 1024w, https:\/\/www.todoeldia.com\/wp-content\/uploads\/2026\/01\/image-162-300x232.png 300w, https:\/\/www.todoeldia.com\/wp-content\/uploads\/2026\/01\/image-162-768x593.png 768w, https:\/\/www.todoeldia.com\/wp-content\/uploads\/2026\/01\/image-162-544x420.png 544w, https:\/\/www.todoeldia.com\/wp-content\/uploads\/2026\/01\/image-162-696x538.png 696w, https:\/\/www.todoeldia.com\/wp-content\/uploads\/2026\/01\/image-162-1068x825.png 1068w, https:\/\/www.todoeldia.com\/wp-content\/uploads\/2026\/01\/image-162.png 1100w\" sizes=\"auto, (max-width: 1024px) 100vw, 1024px\" \/><\/figure>\n\n\n\n<p>Asimismo, se reconoci\u00f3 la participaci\u00f3n del rosarino Francisco Ontivero y del delegado Pablo Ontivero, por su aporte a la danza tradicional salte\u00f1a, y se destac\u00f3 el acompa\u00f1amiento permanente de la directora de Cultura durante todo el proceso.<\/p>\n\n\n\n<p>Desde el \u00e1mbito cultural local, se solicit\u00f3 adem\u00e1s que los malambistas sean convocados al Escenario Daniel Tello en la pr\u00f3xima edici\u00f3n de la Chaya, para recibir el reconocimiento popular que su desempe\u00f1o merece y continuar celebrando el talento salte\u00f1o en los grandes escenarios.<\/p>\n\n\n\n<p>El Vocero<\/p>\n","protected":false},"excerpt":{"rendered":"<p>En un acto cargado de emoci\u00f3n y aplausos, la municipalidad de Rosario de la Frontera distingui\u00f3 a Los Ariscos, subcampeones nacionales de Malambo Menor en el prestigioso certamen de Laborde 2026. El reconocimiento se realiz\u00f3 en la sala de juntas del edificio municipal y fue encabezado por el intendente Kuldeep Singh, acompa\u00f1ado por la directora [&hellip;]<\/p>\n","protected":false},"author":2,"featured_media":105919,"comment_status":"open","ping_status":"open","sticky":false,"template":"","format":"standard","meta":{"tdm_status":"","tdm_grid_status":"","_joinchat":[],"footnotes":""},"categories":[73],"tags":[],"class_list":{"0":"post-105918","1":"post","2":"type-post","3":"status-publish","4":"format-standard","5":"has-post-thumbnail","7":"category-noticias-general"},"amp_enabled":true,"_links":{"self":[{"href":"https:\/\/www.todoeldia.com\/index.php\/wp-json\/wp\/v2\/posts\/105918","targetHints":{"allow":["GET"]}}],"collection":[{"href":"https:\/\/www.todoeldia.com\/index.php\/wp-json\/wp\/v2\/posts"}],"about":[{"href":"https:\/\/www.todoeldia.com\/index.php\/wp-json\/wp\/v2\/types\/post"}],"author":[{"embeddable":true,"href":"https:\/\/www.todoeldia.com\/index.php\/wp-json\/wp\/v2\/users\/2"}],"replies":[{"embeddable":true,"href":"https:\/\/www.todoeldia.com\/index.php\/wp-json\/wp\/v2\/comments?post=105918"}],"version-history":[{"count":1,"href":"https:\/\/www.todoeldia.com\/index.php\/wp-json\/wp\/v2\/posts\/105918\/revisions"}],"predecessor-version":[{"id":105922,"href":"https:\/\/www.todoeldia.com\/index.php\/wp-json\/wp\/v2\/posts\/105918\/revisions\/105922"}],"wp:featuredmedia":[{"embeddable":true,"href":"https:\/\/www.todoeldia.com\/index.php\/wp-json\/wp\/v2\/media\/105919"}],"wp:attachment":[{"href":"https:\/\/www.todoeldia.com\/index.php\/wp-json\/wp\/v2\/media?parent=105918"}],"wp:term":[{"taxonomy":"category","embeddable":true,"href":"https:\/\/www.todoeldia.com\/index.php\/wp-json\/wp\/v2\/categories?post=105918"},{"taxonomy":"post_tag","embeddable":true,"href":"https:\/\/www.todoeldia.com\/index.php\/wp-json\/wp\/v2\/tags?post=105918"}],"curies":[{"name":"wp","href":"https:\/\/api.w.org\/{rel}","templated":true}]}}