{"id":105931,"date":"2026-01-23T13:08:45","date_gmt":"2026-01-23T16:08:45","guid":{"rendered":"https:\/\/www.todoeldia.com\/?p=105931"},"modified":"2026-01-23T13:08:46","modified_gmt":"2026-01-23T16:08:46","slug":"no-se-puede-ingresar-a-chile-por-jama-debido-a-las-condiciones-climaticas","status":"publish","type":"post","link":"https:\/\/www.todoeldia.com\/index.php\/2026\/01\/23\/no-se-puede-ingresar-a-chile-por-jama-debido-a-las-condiciones-climaticas\/","title":{"rendered":"No se puede ingresar a Chile por Jama debido a las condiciones climaticas"},"content":{"rendered":"\n<p>Jujuy fue clave en la gesti\u00f3n de la apertura del paso de Chile hacia Argentina en Jama a trav\u00e9s de la Agencia Provincial del Corredor Bioce\u00e1nico. Alejandro Marenco, el titular del organismo, estuvo al frente de las tratativas con autoridades nacionales y chilenas.<\/p>\n\n\n\n<p>Hasta horas de la tarde noche de este jueves, los veh\u00edculos que se encontraban varados del lado chileno pudieron ingresar a la Argentina por Jama. Mientras que, por determinaci\u00f3n de Chile, no se posibilit\u00f3 el acceso a los veh\u00edculos que se encontraban en territorio argentino.<\/p>\n\n\n\n<p>&#8220;Desde el Corredor recurrimos a Canciller\u00eda, al director de L\u00edmites y Fronteras de Chile y nos comunicamos con el c\u00f3nsul de Argentina en Antofagasta para poder lograr una liberaci\u00f3n del tr\u00e1nsito en consecuencia del reporte de cierre del paso de la Ruta 27 que emiten organismos de Chile&#8221;, plante\u00f3 Marenco sobre las gestiones.<\/p>\n\n\n\n<p>&#8220;Se logr\u00f3 que los veh\u00edculos que ven\u00edan de Chile a Argentina sean atendidos por organismos chilenos en Jama&#8221;, destac\u00f3 el referente de la Agencia Provincial del Corredor Bioce\u00e1nico y aclar\u00f3 que &#8220;no se pudo lograr lo mismo a la inversa, el paso de Argentina a Chile, lo cual es un contrasentido&#8221;.<\/p>\n\n\n\n<p>En cuanto a las condiciones de los caminos que habr\u00edan motivado la decisi\u00f3n de cerrar el paso hacia el vecino pa\u00eds, Marenco apunt\u00f3: &#8220;acreditamos con fotograf\u00edas y filmaciones de veh\u00edculos que portan telefon\u00eda satelital que la ruta estaba operativa y no estaba nevando&#8221;.<\/p>\n\n\n\n<p>Las autoridades argentinas y chilenas se encuentran en di\u00e1logo para determinar las medidas que ser\u00e1n aplicadas durante las pr\u00f3ximas horas y d\u00edas. Inicialmente, Vialidad Chile estableci\u00f3 que la inhabilitaci\u00f3n del paso se extender\u00eda hasta el lunes 26 de enero a las 13 horas.<\/p>\n","protected":false},"excerpt":{"rendered":"<p>Jujuy fue clave en la gesti\u00f3n de la apertura del paso de Chile hacia Argentina en Jama a trav\u00e9s de la Agencia Provincial del Corredor Bioce\u00e1nico. Alejandro Marenco, el titular del organismo, estuvo al frente de las tratativas con autoridades nacionales y chilenas. Hasta horas de la tarde noche de este jueves, los veh\u00edculos que [&hellip;]<\/p>\n","protected":false},"author":2,"featured_media":105932,"comment_status":"open","ping_status":"open","sticky":false,"template":"","format":"standard","meta":{"tdm_status":"","tdm_grid_status":"","_joinchat":[],"footnotes":""},"categories":[73],"tags":[],"class_list":{"0":"post-105931","1":"post","2":"type-post","3":"status-publish","4":"format-standard","5":"has-post-thumbnail","7":"category-noticias-general"},"amp_enabled":true,"_links":{"self":[{"href":"https:\/\/www.todoeldia.com\/index.php\/wp-json\/wp\/v2\/posts\/105931","targetHints":{"allow":["GET"]}}],"collection":[{"href":"https:\/\/www.todoeldia.com\/index.php\/wp-json\/wp\/v2\/posts"}],"about":[{"href":"https:\/\/www.todoeldia.com\/index.php\/wp-json\/wp\/v2\/types\/post"}],"author":[{"embeddable":true,"href":"https:\/\/www.todoeldia.com\/index.php\/wp-json\/wp\/v2\/users\/2"}],"replies":[{"embeddable":true,"href":"https:\/\/www.todoeldia.com\/index.php\/wp-json\/wp\/v2\/comments?post=105931"}],"version-history":[{"count":1,"href":"https:\/\/www.todoeldia.com\/index.php\/wp-json\/wp\/v2\/posts\/105931\/revisions"}],"predecessor-version":[{"id":105933,"href":"https:\/\/www.todoeldia.com\/index.php\/wp-json\/wp\/v2\/posts\/105931\/revisions\/105933"}],"wp:featuredmedia":[{"embeddable":true,"href":"https:\/\/www.todoeldia.com\/index.php\/wp-json\/wp\/v2\/media\/105932"}],"wp:attachment":[{"href":"https:\/\/www.todoeldia.com\/index.php\/wp-json\/wp\/v2\/media?parent=105931"}],"wp:term":[{"taxonomy":"category","embeddable":true,"href":"https:\/\/www.todoeldia.com\/index.php\/wp-json\/wp\/v2\/categories?post=105931"},{"taxonomy":"post_tag","embeddable":true,"href":"https:\/\/www.todoeldia.com\/index.php\/wp-json\/wp\/v2\/tags?post=105931"}],"curies":[{"name":"wp","href":"https:\/\/api.w.org\/{rel}","templated":true}]}}