{"id":105954,"date":"2026-01-23T15:04:35","date_gmt":"2026-01-23T18:04:35","guid":{"rendered":"https:\/\/www.todoeldia.com\/?p=105954"},"modified":"2026-01-23T15:04:36","modified_gmt":"2026-01-23T18:04:36","slug":"floja-temporada-de-verano-en-salta","status":"publish","type":"post","link":"https:\/\/www.todoeldia.com\/index.php\/2026\/01\/23\/floja-temporada-de-verano-en-salta\/","title":{"rendered":"Floja temporada de verano en Salta"},"content":{"rendered":"\n<p>La temporada de verano no repunta en Salta y preocupa al sector tur\u00edstico<\/p>\n\n\n\n<p>Desde la C\u00e1mara de Turismo advirtieron que la temporada viene floja y que la ca\u00edda de visitantes genera inquietud entre hoteleros y gastron\u00f3micos, especialmente tras un 2025 con resultados negativos.<\/p>\n\n\n\n<p>El sector tur\u00edstico de Salta atraviesa un verano con baja demanda, lo que genera preocupaci\u00f3n entre empresarios del rubro. As\u00ed lo advirti\u00f3 el presidente de la C\u00e1mara de Turismo de Salta, Facundo Assaf, al se\u00f1alar que la ocupaci\u00f3n est\u00e1 por debajo de lo esperado para esta \u00e9poca del a\u00f1o.<\/p>\n\n\n\n<p>En di\u00e1logo con Aries, Assaf explic\u00f3 que si bien el verano no es la temporada m\u00e1s fuerte para la provincia, la situaci\u00f3n actual enciende se\u00f1ales de alerta. \u201cHablamos con hoteleros y gastron\u00f3micos y se observa muy poca demanda\u201d, afirm\u00f3.<\/p>\n\n\n\n<p>El titular de la C\u00e1mara de Turismo record\u00f3 adem\u00e1s que el sector viene de un 2025 complicado, lo que profundiza la inquietud sobre la sostenibilidad de las empresas. \u201cLa preocupaci\u00f3n hoy es poder sostener al sector, sobre todo despu\u00e9s de un a\u00f1o que no fue bueno\u201d, indic\u00f3.<\/p>\n\n\n\n<p>En ese contexto, consider\u00f3 clave reforzar la promoci\u00f3n del destino y avanzar en estrategias que permitan atraer visitantes con mayor poder adquisitivo. \u201cSalta tiene cultura, paisajes, gastronom\u00eda, vinos y una gran hospitalidad. Eso es lo que busca el turista\u201d, sostuvo.<\/p>\n\n\n\n<p>Assaf remarc\u00f3 que el desaf\u00edo es fortalecer el turismo internacional sin descuidar el mercado nacional, y destac\u00f3 que la articulaci\u00f3n entre el sector p\u00fablico y privado ser\u00e1 determinante para atravesar el actual escenario.<\/p>\n","protected":false},"excerpt":{"rendered":"<p>La temporada de verano no repunta en Salta y preocupa al sector tur\u00edstico Desde la C\u00e1mara de Turismo advirtieron que la temporada viene floja y que la ca\u00edda de visitantes genera inquietud entre hoteleros y gastron\u00f3micos, especialmente tras un 2025 con resultados negativos. El sector tur\u00edstico de Salta atraviesa un verano con baja demanda, lo [&hellip;]<\/p>\n","protected":false},"author":2,"featured_media":40799,"comment_status":"open","ping_status":"open","sticky":false,"template":"","format":"standard","meta":{"tdm_status":"","tdm_grid_status":"","_joinchat":[],"footnotes":""},"categories":[73],"tags":[],"class_list":{"0":"post-105954","1":"post","2":"type-post","3":"status-publish","4":"format-standard","5":"has-post-thumbnail","7":"category-noticias-general"},"amp_enabled":true,"_links":{"self":[{"href":"https:\/\/www.todoeldia.com\/index.php\/wp-json\/wp\/v2\/posts\/105954","targetHints":{"allow":["GET"]}}],"collection":[{"href":"https:\/\/www.todoeldia.com\/index.php\/wp-json\/wp\/v2\/posts"}],"about":[{"href":"https:\/\/www.todoeldia.com\/index.php\/wp-json\/wp\/v2\/types\/post"}],"author":[{"embeddable":true,"href":"https:\/\/www.todoeldia.com\/index.php\/wp-json\/wp\/v2\/users\/2"}],"replies":[{"embeddable":true,"href":"https:\/\/www.todoeldia.com\/index.php\/wp-json\/wp\/v2\/comments?post=105954"}],"version-history":[{"count":1,"href":"https:\/\/www.todoeldia.com\/index.php\/wp-json\/wp\/v2\/posts\/105954\/revisions"}],"predecessor-version":[{"id":105955,"href":"https:\/\/www.todoeldia.com\/index.php\/wp-json\/wp\/v2\/posts\/105954\/revisions\/105955"}],"wp:featuredmedia":[{"embeddable":true,"href":"https:\/\/www.todoeldia.com\/index.php\/wp-json\/wp\/v2\/media\/40799"}],"wp:attachment":[{"href":"https:\/\/www.todoeldia.com\/index.php\/wp-json\/wp\/v2\/media?parent=105954"}],"wp:term":[{"taxonomy":"category","embeddable":true,"href":"https:\/\/www.todoeldia.com\/index.php\/wp-json\/wp\/v2\/categories?post=105954"},{"taxonomy":"post_tag","embeddable":true,"href":"https:\/\/www.todoeldia.com\/index.php\/wp-json\/wp\/v2\/tags?post=105954"}],"curies":[{"name":"wp","href":"https:\/\/api.w.org\/{rel}","templated":true}]}}