{"id":105990,"date":"2026-01-24T22:39:08","date_gmt":"2026-01-25T01:39:08","guid":{"rendered":"https:\/\/www.todoeldia.com\/?p=105990"},"modified":"2026-01-24T22:39:09","modified_gmt":"2026-01-25T01:39:09","slug":"encontraron-con-vida-a-marlen-villarubia-la-mujer-trans-que-estaba-desaparecida-desde-el-7-de-enero","status":"publish","type":"post","link":"https:\/\/www.todoeldia.com\/index.php\/2026\/01\/24\/encontraron-con-vida-a-marlen-villarubia-la-mujer-trans-que-estaba-desaparecida-desde-el-7-de-enero\/","title":{"rendered":"Encontraron con vida a Marlen Villarubia, la mujer trans que estaba desaparecida desde el 7 de enero"},"content":{"rendered":"\n<p>La Unidad de Femicidios (UFEM), a cargo interinamente en feria judicial del fiscal penal Santiago L\u00f3pez Soto, intervino en la b\u00fasqueda y posterior hallazgo con vida de Marlen Alejandra Emilce Villarubia, integrante del colectivo LGTBIQNB+, quien hab\u00eda sido denunciada como desaparecida.<\/p>\n\n\n\n<p>Se inform\u00f3 adem\u00e1s que la Fiscal\u00eda especializada continuar\u00e1 con las tareas investigativas de rigor, para lo cual se dispondr\u00e1n las citaciones correspondientes durante la semana pr\u00f3xima, en el marco de la causa en tr\u00e1mite.<\/p>\n\n\n\n<p>El Comit\u00e9 Provincial para la Prevenci\u00f3n de la Tortura hab\u00eda presentado un habeas corpus para determinar de manera urgente el paradero de Marlen Alejandra Emilce Villarrubia, conocida como \u201cLa Grillo\u201d, quien fue detenida por la Polic\u00eda de Salta el pasado 5 de enero. Desde el 7 de enero no se ten\u00edan noticias de ella.<\/p>\n\n\n\n<p>El tema apunta a una mujer trans de quien no se tiene informaci\u00f3n desde hace m\u00e1s de una semana, luego de haber sido detenida por la Polic\u00eda provincial en el marco de un procedimiento que presenta graves irregularidades administrativas.<\/p>\n\n\n\n<p>Seg\u00fan se inform\u00f3, Villarrubia fue detenida el 5 de enero en cumplimiento de un pedido de captura que, de acuerdo a la investigaci\u00f3n preliminar, no se encontraba vigente al momento del procedimiento. Dos d\u00edas despu\u00e9s, el 7 de enero, se perdi\u00f3 todo rastro sobre su paradero.<\/p>\n\n\n\n<p>Ante esta situaci\u00f3n, el Comit\u00e9 Provincial para la Prevenci\u00f3n de la Tortura present\u00f3 un habeas corpus para que la Justicia determine de forma urgente d\u00f3nde se encuentra la mujer y qu\u00e9 ocurri\u00f3 tras su detenci\u00f3n.<\/p>\n\n\n\n<p>De acuerdo a lo denunciado, no existen actas de liberaci\u00f3n, registros m\u00e9dicos ni constancias claras sobre su traslado. Ninguna de las dependencias consultadas \u2014comisar\u00edas, hospitales, Servicio Penitenciario ni morgue\u2014 reconoce haberla tenido bajo custodia. Incluso, desde el Centro de Contraventores indicaron que Villarrubia no fue alojada en ese lugar, aunque tampoco pudieron precisar qu\u00e9 sucedi\u00f3 luego.<\/p>\n\n\n\n<p>El caso encendi\u00f3 alarmas por la posible existencia de violencia institucional, motivo por el cual se activaron protocolos de b\u00fasqueda y se solicit\u00f3 la intervenci\u00f3n de organismos especializados, incluidos aquellos vinculados a derechos humanos y diversidad.<\/p>\n","protected":false},"excerpt":{"rendered":"<p>La Unidad de Femicidios (UFEM), a cargo interinamente en feria judicial del fiscal penal Santiago L\u00f3pez Soto, intervino en la b\u00fasqueda y posterior hallazgo con vida de Marlen Alejandra Emilce Villarubia, integrante del colectivo LGTBIQNB+, quien hab\u00eda sido denunciada como desaparecida. Se inform\u00f3 adem\u00e1s que la Fiscal\u00eda especializada continuar\u00e1 con las tareas investigativas de rigor, [&hellip;]<\/p>\n","protected":false},"author":2,"featured_media":105991,"comment_status":"open","ping_status":"open","sticky":false,"template":"","format":"standard","meta":{"tdm_status":"","tdm_grid_status":"","_joinchat":[],"footnotes":""},"categories":[73],"tags":[],"class_list":{"0":"post-105990","1":"post","2":"type-post","3":"status-publish","4":"format-standard","5":"has-post-thumbnail","7":"category-noticias-general"},"amp_enabled":true,"_links":{"self":[{"href":"https:\/\/www.todoeldia.com\/index.php\/wp-json\/wp\/v2\/posts\/105990","targetHints":{"allow":["GET"]}}],"collection":[{"href":"https:\/\/www.todoeldia.com\/index.php\/wp-json\/wp\/v2\/posts"}],"about":[{"href":"https:\/\/www.todoeldia.com\/index.php\/wp-json\/wp\/v2\/types\/post"}],"author":[{"embeddable":true,"href":"https:\/\/www.todoeldia.com\/index.php\/wp-json\/wp\/v2\/users\/2"}],"replies":[{"embeddable":true,"href":"https:\/\/www.todoeldia.com\/index.php\/wp-json\/wp\/v2\/comments?post=105990"}],"version-history":[{"count":1,"href":"https:\/\/www.todoeldia.com\/index.php\/wp-json\/wp\/v2\/posts\/105990\/revisions"}],"predecessor-version":[{"id":105992,"href":"https:\/\/www.todoeldia.com\/index.php\/wp-json\/wp\/v2\/posts\/105990\/revisions\/105992"}],"wp:featuredmedia":[{"embeddable":true,"href":"https:\/\/www.todoeldia.com\/index.php\/wp-json\/wp\/v2\/media\/105991"}],"wp:attachment":[{"href":"https:\/\/www.todoeldia.com\/index.php\/wp-json\/wp\/v2\/media?parent=105990"}],"wp:term":[{"taxonomy":"category","embeddable":true,"href":"https:\/\/www.todoeldia.com\/index.php\/wp-json\/wp\/v2\/categories?post=105990"},{"taxonomy":"post_tag","embeddable":true,"href":"https:\/\/www.todoeldia.com\/index.php\/wp-json\/wp\/v2\/tags?post=105990"}],"curies":[{"name":"wp","href":"https:\/\/api.w.org\/{rel}","templated":true}]}}