{"id":105995,"date":"2026-01-25T11:59:17","date_gmt":"2026-01-25T14:59:17","guid":{"rendered":"https:\/\/www.todoeldia.com\/?p=105995"},"modified":"2026-01-25T11:59:29","modified_gmt":"2026-01-25T14:59:29","slug":"aparecio-marlen-la-grillo-villarrubia-y-denuncio-graves-maltratos-policiales-en-la-comisara-segunda","status":"publish","type":"post","link":"https:\/\/www.todoeldia.com\/index.php\/2026\/01\/25\/aparecio-marlen-la-grillo-villarrubia-y-denuncio-graves-maltratos-policiales-en-la-comisara-segunda\/","title":{"rendered":"Apareci\u00f3 Marlen \u201cLa Grillo\u201d Villarrubia y denunci\u00f3 graves maltratos policiales en la comisara segunda"},"content":{"rendered":"\n<p>Una detenci\u00f3n sin registros, h\u00e1beas corpus, y una trama de irregularidades que vuelve a poner en foco la violencia institucional contra personas trans en Salta.<\/p>\n\n\n\n<p>La aparici\u00f3n con vida de Marlen Alejandra Emilce Villarrubia, conocida como \u201cLa Grillo\u201d, trajo alivio, pero tambi\u00e9n encendi\u00f3 nuevas y m\u00e1s profundas alarmas. La mujer trans, cuyo paradero se desconoc\u00eda desde el 7 de enero tras un procedimiento policial, se present\u00f3 el s\u00e1bado por la tarde en los estudios de Canal 10 y denunci\u00f3 p\u00fablicamente haber sido detenida de manera irregular y haber sufrido golpes, coacciones y malos tratos en la Comisar\u00eda Segunda de la ciudad de Salta.<\/p>\n\n\n\n<p>Su testimonio llega despu\u00e9s de d\u00edas de extrema preocupaci\u00f3n, h\u00e1beas corpus presentados ante la Justicia provincial y federal, comunicados de organismos de derechos humanos y una intensa b\u00fasqueda impulsada por la Defensor\u00eda P\u00fablica, el Comit\u00e9 Provincial para la Prevenci\u00f3n de la Tortura y organizaciones del colectivo LGBTIQNB+. La secuencia de hechos expone una cadena de fallas estatales que, lejos de ser un error aislado, vuelve a poner bajo la lupa la violencia institucional y la vulnerabilidad estructural que atraviesan las personas trans.<\/p>\n\n\n\n<p>Frente a c\u00e1maras, Marlen relat\u00f3 con crudeza lo que vivi\u00f3. \u201cMi nombre es Marlene Alejandra Villarrubia. Estuve desaparecida justamente porque la Polic\u00eda de la Segunda me llev\u00f3 detenida sin justificaci\u00f3n alguna\u201d, afirm\u00f3. Seg\u00fan su testimonio, los efectivos le informaron que exist\u00eda un pedido de captura en su contra, aunque asegur\u00f3 no saber si era verdadero o no y remarc\u00f3 que nunca fue puesta formalmente a disposici\u00f3n de la Justicia.<\/p>\n\n\n\n<p>\u201cUn fiscal de la Polic\u00eda Federal, el fiscal del Juzgado Federal, el que me hizo la causa, a lo cual no me hicieron firmar papeles de detenci\u00f3n ni nada\u201d, agreg\u00f3, se\u00f1alando la ausencia total de documentaci\u00f3n que respalde su privaci\u00f3n de libertad. Marlen denunci\u00f3 adem\u00e1s haber sido \u201caccionada y coaccionada en varias ocasiones por gente que no conozco\u201d y asegur\u00f3 haber sido golpeada. \u201cFui golpeada, como ver\u00e1n esto es lo que me pas\u00f3. Tengo puntos por dentro y por fuera\u201d, dijo, mostrando las lesiones. Lejos de retirarse en silencio, dej\u00f3 un mensaje contundente. \u201cYo no me voy a ir de Salta. Hasta que no se haga justicia de lo que se me hizo, no me pienso ir\u201d, sostuvo y apunt\u00f3 directamente a la Comisar\u00eda Segunda de la ciudad de Salta. Y agradeci\u00f3 el acompa\u00f1amiento recibido.<\/p>\n\n\n\n<figure class=\"wp-block-image size-full is-resized\"><img loading=\"lazy\" decoding=\"async\" width=\"742\" height=\"450\" src=\"https:\/\/www.todoeldia.com\/wp-content\/uploads\/2026\/01\/comisaria-segunda.jpg\" alt=\"\" class=\"wp-image-105996\" style=\"width:1068px;height:auto\" srcset=\"https:\/\/www.todoeldia.com\/wp-content\/uploads\/2026\/01\/comisaria-segunda.jpg 742w, https:\/\/www.todoeldia.com\/wp-content\/uploads\/2026\/01\/comisaria-segunda-300x182.jpg 300w, https:\/\/www.todoeldia.com\/wp-content\/uploads\/2026\/01\/comisaria-segunda-693x420.jpg 693w, https:\/\/www.todoeldia.com\/wp-content\/uploads\/2026\/01\/comisaria-segunda-696x422.jpg 696w\" sizes=\"auto, (max-width: 742px) 100vw, 742px\" \/><\/figure>\n\n\n\n<p><strong>Comisaria segunda en calle Pellegrini<\/strong><\/p>\n\n\n\n<p>La previa: una desaparici\u00f3n bajo custodia estatal<\/p>\n\n\n\n<p>Antes de su aparici\u00f3n p\u00fablica, la situaci\u00f3n de Marlen ya hab\u00eda encendido todas las alarmas institucionales. El Comit\u00e9 Provincial para la Prevenci\u00f3n de la Tortura de Salta interpuso el viernes un h\u00e1beas corpus ante el Juzgado de Garant\u00edas N\u00b0 4, a cargo del juez Diego Rodr\u00edguez Pipino, al no existir informaci\u00f3n oficial sobre su paradero luego de un procedimiento policial.<\/p>\n\n\n\n<p>En la presentaci\u00f3n judicial se exigi\u00f3 que se informe de manera inmediata su situaci\u00f3n y se resguarden sus derechos y garant\u00edas. \u201cLa desaparici\u00f3n de una persona bajo custodia policial es responsabilidad del Estado\u201d, advirtieron tambi\u00e9n desde la Colectiva de Trabajadoras del Ministerio P\u00fablico de la Defensa y desde Mujeres Trans Argentina (MTA) Salta, que reclamaron su aparici\u00f3n inmediata, respuestas claras y una investigaci\u00f3n urgente.<\/p>\n\n\n\n<p>\u201cNo hab\u00eda registros, ese fue el dato m\u00e1s alarmante\u201d<\/p>\n\n\n\n<p>En di\u00e1logo con Nuevo Diario, el comisionado del Comit\u00e9 Provincial para la Prevenci\u00f3n de la Tortura, Giordamachi, explic\u00f3 c\u00f3mo se activ\u00f3 la b\u00fasqueda y por qu\u00e9 el caso reviste una gravedad institucional extrema. \u201cNos llega una denuncia el mi\u00e9rcoles por la tarde de la asociaci\u00f3n \u201cYo No Fui\u201d, que acompa\u00f1a al colectivo LGTBIQ+, informando que no ten\u00edan noticias del paradero de una persona trans, de Marl\u00e9n Villarrubia, alias La Grillo\u201d, relat\u00f3. A partir de esa alerta, el Comit\u00e9 inici\u00f3 consultas formales ante la Polic\u00eda de Salta, el Servicio Penitenciario provincial y federal.<\/p>\n\n\n\n<p>\u201cTodos los resultados nos daban negativo, no la ten\u00edan registrada\u201d, explic\u00f3. Ante esa ausencia total de informaci\u00f3n, el organismo present\u00f3 un h\u00e1beas corpus de b\u00fasqueda por desaparici\u00f3n de persona. \u201cExigimos no solamente que se nos informe la situaci\u00f3n de hecho y de derecho, sino la aparici\u00f3n con vida de esta persona\u201d, se\u00f1al\u00f3. Fue a partir de esa intervenci\u00f3n judicial que comenzaron a surgir datos parciales. \u201cSe descubre que el 5 de enero es demorada por la Comisar\u00eda Segunda del barrio Santa Cecilia y trasladada al Centro de Contraventores, donde no la quieren recibir porque all\u00ed no se alojan ni mujeres ni personas trans\u201d, detall\u00f3 Giordamachi. Desde ese punto, \u201cse pierde el rastro de los registros\u201d. Si bien se indic\u00f3 que habr\u00eda recuperado la libertad, \u201cno hay un registro de egreso\u201d. \u201cHay una deficiente registraci\u00f3n, una falta de datos que es lo m\u00e1s alarmante\u201d, subray\u00f3.<\/p>\n\n\n\n<p>Una alerta democr\u00e1tica y de derechos humanos<\/p>\n\n\n\n<p>La periodista y militante de la Asamblea Lesbotransfeminista, Teresita Fr\u00edas, aport\u00f3 un an\u00e1lisis que pone el caso en un marco m\u00e1s amplio. \u201cHay casos que duelen de una manera particular porque condensan muchas violencias a la vez\u201d, se\u00f1al\u00f3. \u201cOtra vez en Salta hablamos de personas desaparecidas. No estamos frente a un error administrativo, estamos frente a una cadena de irregularidades graves que, en nuestro pa\u00eds, tienen un nombre hist\u00f3rico y una memoria muy pesada\u201d. Fr\u00edas remarc\u00f3 que cuando una persona es detenida, \u201cel Estado se vuelve responsable de su vida y su integridad\u201d, y que esa obligaci\u00f3n \u201cdeber\u00eda extremarse\u201d cuando se trata de una persona trans, pobre y sin redes de contenci\u00f3n.<\/p>\n\n\n\n<p>\u201cLo que vemos es lo contrario: actas que no existen, traslados que nadie puede explicar, dependencias que se pasan la pelota y un silencio institucional que preocupa\u201d, advirti\u00f3. Adem\u00e1s, subray\u00f3 que el caso no puede leerse como un hecho aislado. \u201cLas personas trans siguen siendo uno de los colectivos m\u00e1s expuestos a la violencia institucional. Lo dicen las estad\u00edsticas, lo dicen las organizaciones y lo confirma cada historia concreta\u201d, afirm\u00f3. Y concluy\u00f3 con una advertencia pol\u00edtica de fondo: \u201cQue hoy haya dos h\u00e1beas corpus buscando a Marlen es una se\u00f1al de alerta democr\u00e1tica. El Estado salte\u00f1o tiene la obligaci\u00f3n de responder ya, con transparencia y sin encubrimientos\u201d.<\/p>\n\n\n\n<p>La aparici\u00f3n de Marlen Villarrubia trajo alivio, pero no cierra el caso. Por el contrario, abre una etapa decisiva: la de la investigaci\u00f3n sobre lo ocurrido durante su detenci\u00f3n, la responsabilidad de las fuerzas de seguridad, la ausencia de registros oficiales y las lesiones denunciadas por la propia v\u00edctima.<\/p>\n\n\n\n<p>Nuevo Diario<\/p>\n","protected":false},"excerpt":{"rendered":"<p>Una detenci\u00f3n sin registros, h\u00e1beas corpus, y una trama de irregularidades que vuelve a poner en foco la violencia institucional contra personas trans en Salta. La aparici\u00f3n con vida de Marlen Alejandra Emilce Villarrubia, conocida como \u201cLa Grillo\u201d, trajo alivio, pero tambi\u00e9n encendi\u00f3 nuevas y m\u00e1s profundas alarmas. La mujer trans, cuyo paradero se desconoc\u00eda [&hellip;]<\/p>\n","protected":false},"author":2,"featured_media":105991,"comment_status":"open","ping_status":"open","sticky":false,"template":"","format":"standard","meta":{"tdm_status":"","tdm_grid_status":"","_joinchat":[],"footnotes":""},"categories":[73],"tags":[],"class_list":{"0":"post-105995","1":"post","2":"type-post","3":"status-publish","4":"format-standard","5":"has-post-thumbnail","7":"category-noticias-general"},"amp_enabled":true,"_links":{"self":[{"href":"https:\/\/www.todoeldia.com\/index.php\/wp-json\/wp\/v2\/posts\/105995","targetHints":{"allow":["GET"]}}],"collection":[{"href":"https:\/\/www.todoeldia.com\/index.php\/wp-json\/wp\/v2\/posts"}],"about":[{"href":"https:\/\/www.todoeldia.com\/index.php\/wp-json\/wp\/v2\/types\/post"}],"author":[{"embeddable":true,"href":"https:\/\/www.todoeldia.com\/index.php\/wp-json\/wp\/v2\/users\/2"}],"replies":[{"embeddable":true,"href":"https:\/\/www.todoeldia.com\/index.php\/wp-json\/wp\/v2\/comments?post=105995"}],"version-history":[{"count":2,"href":"https:\/\/www.todoeldia.com\/index.php\/wp-json\/wp\/v2\/posts\/105995\/revisions"}],"predecessor-version":[{"id":105998,"href":"https:\/\/www.todoeldia.com\/index.php\/wp-json\/wp\/v2\/posts\/105995\/revisions\/105998"}],"wp:featuredmedia":[{"embeddable":true,"href":"https:\/\/www.todoeldia.com\/index.php\/wp-json\/wp\/v2\/media\/105991"}],"wp:attachment":[{"href":"https:\/\/www.todoeldia.com\/index.php\/wp-json\/wp\/v2\/media?parent=105995"}],"wp:term":[{"taxonomy":"category","embeddable":true,"href":"https:\/\/www.todoeldia.com\/index.php\/wp-json\/wp\/v2\/categories?post=105995"},{"taxonomy":"post_tag","embeddable":true,"href":"https:\/\/www.todoeldia.com\/index.php\/wp-json\/wp\/v2\/tags?post=105995"}],"curies":[{"name":"wp","href":"https:\/\/api.w.org\/{rel}","templated":true}]}}