{"id":106013,"date":"2026-01-26T10:29:48","date_gmt":"2026-01-26T13:29:48","guid":{"rendered":"https:\/\/www.todoeldia.com\/?p=106013"},"modified":"2026-01-26T10:29:49","modified_gmt":"2026-01-26T13:29:49","slug":"cancelaron-una-muestra-de-pintura-de-artistas-wichi-de-mision-chaquena-en-el-palacio-libertad","status":"publish","type":"post","link":"https:\/\/www.todoeldia.com\/index.php\/2026\/01\/26\/cancelaron-una-muestra-de-pintura-de-artistas-wichi-de-mision-chaquena-en-el-palacio-libertad\/","title":{"rendered":"Cancelaron una muestra de pintura de artistas \u201cWichi\u201d de Misi\u00f3n Chaque\u00f1a en el Palacio Libertad"},"content":{"rendered":"\n<p>El aviso de cancelaci\u00f3n sorprendi\u00f3 a los artistas y a los organizadores, que califican la decisi\u00f3n de injustificada y alertan sobre su impacto en la visibilidad cultural ind\u00edgena.<\/p>\n\n\n\n<p>La cancelaci\u00f3n, sin explicaciones formales, de una muestra de arte wich\u00ed prevista en el Palacio Libertad abri\u00f3 una fuerte pol\u00e9mica y deriv\u00f3 en acusaciones de censura y segregaci\u00f3n dirigidas a las autoridades, con un perjuicio directo sobre comunidades originarias del norte argentino.<\/p>\n\n\n\n<figure class=\"wp-block-image size-full is-resized\"><img loading=\"lazy\" decoding=\"async\" width=\"900\" height=\"708\" src=\"https:\/\/www.todoeldia.com\/wp-content\/uploads\/2026\/01\/image-176.png\" alt=\"\" class=\"wp-image-106017\" style=\"width:1066px;height:auto\" srcset=\"https:\/\/www.todoeldia.com\/wp-content\/uploads\/2026\/01\/image-176.png 900w, https:\/\/www.todoeldia.com\/wp-content\/uploads\/2026\/01\/image-176-300x236.png 300w, https:\/\/www.todoeldia.com\/wp-content\/uploads\/2026\/01\/image-176-768x604.png 768w, https:\/\/www.todoeldia.com\/wp-content\/uploads\/2026\/01\/image-176-534x420.png 534w, https:\/\/www.todoeldia.com\/wp-content\/uploads\/2026\/01\/image-176-696x548.png 696w\" sizes=\"auto, (max-width: 900px) 100vw, 900px\" \/><\/figure>\n\n\n\n<p><strong>Sara Diaz : La escuela cierra por Covid<\/strong><\/p>\n\n\n\n<p>La exposici\u00f3n formaba parte de la Primera Bienal de Arte Ind\u00edgena, cuya sede principal es la Universidad Cat\u00f3lica Argentina, y que se completa con una serie de eventos paralelos. Entre estos \u00faltimos se encontraban los que iban a desarrollarse en el Palacio Libertad \u2014espacio gestionado por la Secretar\u00eda de Cultura de la Naci\u00f3n\u2014, donde estaba prevista una exposici\u00f3n en el sexto piso y un mercado de artesan\u00edas en la planta baja.<\/p>\n\n\n\n<p>La muestra del sexto piso hab\u00eda sido planificada con suficiente antelaci\u00f3n. A los artistas se les solicit\u00f3 contratar seguros, trasladar las obras y se hab\u00edan contratado montajistas para el armado. Sin embargo, el viernes anterior al montaje, previsto para el lunes siguiente, se les comunic\u00f3 que la exposici\u00f3n quedaba levantada. No se brindaron explicaciones claras ni formales sobre los motivos de la decisi\u00f3n.<\/p>\n\n\n\n<figure class=\"wp-block-image size-full is-resized\"><img loading=\"lazy\" decoding=\"async\" width=\"901\" height=\"683\" src=\"https:\/\/www.todoeldia.com\/wp-content\/uploads\/2026\/01\/image-175.png\" alt=\"\" class=\"wp-image-106015\" style=\"width:1068px;height:auto\" srcset=\"https:\/\/www.todoeldia.com\/wp-content\/uploads\/2026\/01\/image-175.png 901w, https:\/\/www.todoeldia.com\/wp-content\/uploads\/2026\/01\/image-175-300x227.png 300w, https:\/\/www.todoeldia.com\/wp-content\/uploads\/2026\/01\/image-175-768x582.png 768w, https:\/\/www.todoeldia.com\/wp-content\/uploads\/2026\/01\/image-175-554x420.png 554w, https:\/\/www.todoeldia.com\/wp-content\/uploads\/2026\/01\/image-175-80x60.png 80w, https:\/\/www.todoeldia.com\/wp-content\/uploads\/2026\/01\/image-175-696x528.png 696w\" sizes=\"auto, (max-width: 901px) 100vw, 901px\" \/><\/figure>\n\n\n\n<p><strong>La exposici\u00f3n formaba parte de la\u00a0Primera Bienal de Arte Ind\u00edgena<\/strong><\/p>\n\n\n\n<p>Ante la insistencia period\u00edstica por conocer las razones, la respuesta fue que la muestra \u201cno encuadraba dentro del perfil del Centro Palacio Libertad\u201d. Qu\u00e9 significa exactamente ese \u201cencuadre\u201d nunca fue aclarado. Lo que s\u00ed resulta evidente es que las mismas autoridades que ahora la descartaban hab\u00edan considerado previamente que la muestra merec\u00eda realizarse all\u00ed, hasta que \u2014seg\u00fan se inform\u00f3\u2014 una orden superior determin\u00f3 su cancelaci\u00f3n.<\/p>\n\n\n\n<p>La exposici\u00f3n reun\u00eda obras de artistas wich\u00ed, cuyo origen se remonta a una experiencia singular: un pintor ense\u00f1\u00f3 a pintar a una mujer wich\u00ed en Misi\u00f3n Chaque\u00f1a, quien desarroll\u00f3 con el tiempo un estilo propio, profundamente ligado a la vida cotidiana y a la cosmovisi\u00f3n de su comunidad. Con los a\u00f1os, su familia y otros integrantes continuaron esa pr\u00e1ctica art\u00edstica, que hoy constituye su principal y, en muchos casos, \u00fanica fuente de ingresos.<\/p>\n\n\n\n<figure class=\"wp-block-image size-large is-resized\"><img loading=\"lazy\" decoding=\"async\" width=\"589\" height=\"1024\" src=\"https:\/\/www.todoeldia.com\/wp-content\/uploads\/2026\/01\/pintura-wichi-589x1024.jpg\" alt=\"\" class=\"wp-image-106014\" style=\"width:1067px;height:auto\" srcset=\"https:\/\/www.todoeldia.com\/wp-content\/uploads\/2026\/01\/pintura-wichi-589x1024.jpg 589w, https:\/\/www.todoeldia.com\/wp-content\/uploads\/2026\/01\/pintura-wichi-173x300.jpg 173w, https:\/\/www.todoeldia.com\/wp-content\/uploads\/2026\/01\/pintura-wichi-242x420.jpg 242w, https:\/\/www.todoeldia.com\/wp-content\/uploads\/2026\/01\/pintura-wichi-300x522.jpg 300w, https:\/\/www.todoeldia.com\/wp-content\/uploads\/2026\/01\/pintura-wichi.jpg 690w\" sizes=\"auto, (max-width: 589px) 100vw, 589px\" \/><\/figure>\n\n\n\n<p><strong>Reynaldo y su &#8220;mundo redondo&#8221;<br><\/strong><\/p>\n\n\n\n<p>Las pinturas se caracterizan por un lenguaje visual directo, aut\u00e9ntico y vital, con escenas de caza, recolecci\u00f3n, pesca y vida comunitaria. No contienen ning\u00fan tinte pol\u00edtico, ni responden a consignas ideol\u00f3gicas: simplemente reflejan su forma de vida, su relaci\u00f3n con el territorio y su mundo simb\u00f3lico.<\/p>\n\n\n\n<p>A partir de la cancelaci\u00f3n, comenz\u00f3 a instalarse en redes sociales y en distintos \u00e1mbitos culturales la idea de que se trata de un acto de censura y segregaci\u00f3n ejercido desde el Estado, que termina afectando a comunidades originarias pac\u00edficas, sin relaci\u00f3n alguna con militancias pol\u00edticas ni con conflictos protagonizados por grupos extremistas en otras regiones del pa\u00eds.<\/p>\n","protected":false},"excerpt":{"rendered":"<p>El aviso de cancelaci\u00f3n sorprendi\u00f3 a los artistas y a los organizadores, que califican la decisi\u00f3n de injustificada y alertan sobre su impacto en la visibilidad cultural ind\u00edgena. La cancelaci\u00f3n, sin explicaciones formales, de una muestra de arte wich\u00ed prevista en el Palacio Libertad abri\u00f3 una fuerte pol\u00e9mica y deriv\u00f3 en acusaciones de censura y [&hellip;]<\/p>\n","protected":false},"author":2,"featured_media":106016,"comment_status":"open","ping_status":"open","sticky":false,"template":"","format":"standard","meta":{"tdm_status":"","tdm_grid_status":"","_joinchat":[],"footnotes":""},"categories":[73],"tags":[],"class_list":{"0":"post-106013","1":"post","2":"type-post","3":"status-publish","4":"format-standard","5":"has-post-thumbnail","7":"category-noticias-general"},"amp_enabled":true,"_links":{"self":[{"href":"https:\/\/www.todoeldia.com\/index.php\/wp-json\/wp\/v2\/posts\/106013","targetHints":{"allow":["GET"]}}],"collection":[{"href":"https:\/\/www.todoeldia.com\/index.php\/wp-json\/wp\/v2\/posts"}],"about":[{"href":"https:\/\/www.todoeldia.com\/index.php\/wp-json\/wp\/v2\/types\/post"}],"author":[{"embeddable":true,"href":"https:\/\/www.todoeldia.com\/index.php\/wp-json\/wp\/v2\/users\/2"}],"replies":[{"embeddable":true,"href":"https:\/\/www.todoeldia.com\/index.php\/wp-json\/wp\/v2\/comments?post=106013"}],"version-history":[{"count":1,"href":"https:\/\/www.todoeldia.com\/index.php\/wp-json\/wp\/v2\/posts\/106013\/revisions"}],"predecessor-version":[{"id":106018,"href":"https:\/\/www.todoeldia.com\/index.php\/wp-json\/wp\/v2\/posts\/106013\/revisions\/106018"}],"wp:featuredmedia":[{"embeddable":true,"href":"https:\/\/www.todoeldia.com\/index.php\/wp-json\/wp\/v2\/media\/106016"}],"wp:attachment":[{"href":"https:\/\/www.todoeldia.com\/index.php\/wp-json\/wp\/v2\/media?parent=106013"}],"wp:term":[{"taxonomy":"category","embeddable":true,"href":"https:\/\/www.todoeldia.com\/index.php\/wp-json\/wp\/v2\/categories?post=106013"},{"taxonomy":"post_tag","embeddable":true,"href":"https:\/\/www.todoeldia.com\/index.php\/wp-json\/wp\/v2\/tags?post=106013"}],"curies":[{"name":"wp","href":"https:\/\/api.w.org\/{rel}","templated":true}]}}