{"id":106019,"date":"2026-01-26T10:34:25","date_gmt":"2026-01-26T13:34:25","guid":{"rendered":"https:\/\/www.todoeldia.com\/?p=106019"},"modified":"2026-01-26T10:34:26","modified_gmt":"2026-01-26T13:34:26","slug":"179-conductores-alcoholizados-fueron-sancionados-el-fin-de-semana","status":"publish","type":"post","link":"https:\/\/www.todoeldia.com\/index.php\/2026\/01\/26\/179-conductores-alcoholizados-fueron-sancionados-el-fin-de-semana\/","title":{"rendered":"179 conductores alcoholizados fueron sancionados el fin de semana"},"content":{"rendered":"\n<p>En el marco del operativo Verano Seguro, la Polic\u00eda Vial reforz\u00f3 el trabajo de prevenci\u00f3n en materia vial con controles vehiculares en puntos clave de la provincia, jornadas de concientizaci\u00f3n ciudadana, entre otras acciones tendientes a reducir la siniestralidad en el tr\u00e1nsito y promover una circulaci\u00f3n segura.<\/p>\n\n\n\n<figure class=\"wp-block-image size-full is-resized\"><img loading=\"lazy\" decoding=\"async\" width=\"967\" height=\"208\" src=\"https:\/\/www.todoeldia.com\/wp-content\/uploads\/2026\/01\/image-177.png\" alt=\"\" class=\"wp-image-106021\" style=\"width:1055px;height:auto\" srcset=\"https:\/\/www.todoeldia.com\/wp-content\/uploads\/2026\/01\/image-177.png 967w, https:\/\/www.todoeldia.com\/wp-content\/uploads\/2026\/01\/image-177-300x65.png 300w, https:\/\/www.todoeldia.com\/wp-content\/uploads\/2026\/01\/image-177-768x165.png 768w, https:\/\/www.todoeldia.com\/wp-content\/uploads\/2026\/01\/image-177-696x150.png 696w\" sizes=\"auto, (max-width: 967px) 100vw, 967px\" \/><\/figure>\n\n\n\n<p>Respecto al trabajo operativo, se detectaron 1297 infractores a las normativas viales, en su mayor\u00eda por incumplimientos a la Ley Nacional de Tr\u00e1nsito y se sancionaron a 179 conductores alcoholizados.<\/p>\n","protected":false},"excerpt":{"rendered":"<p>En el marco del operativo Verano Seguro, la Polic\u00eda Vial reforz\u00f3 el trabajo de prevenci\u00f3n en materia vial con controles vehiculares en puntos clave de la provincia, jornadas de concientizaci\u00f3n ciudadana, entre otras acciones tendientes a reducir la siniestralidad en el tr\u00e1nsito y promover una circulaci\u00f3n segura. Respecto al trabajo operativo, se detectaron 1297 infractores [&hellip;]<\/p>\n","protected":false},"author":2,"featured_media":106020,"comment_status":"open","ping_status":"open","sticky":false,"template":"","format":"standard","meta":{"tdm_status":"","tdm_grid_status":"","_joinchat":[],"footnotes":""},"categories":[73],"tags":[],"class_list":{"0":"post-106019","1":"post","2":"type-post","3":"status-publish","4":"format-standard","5":"has-post-thumbnail","7":"category-noticias-general"},"amp_enabled":true,"_links":{"self":[{"href":"https:\/\/www.todoeldia.com\/index.php\/wp-json\/wp\/v2\/posts\/106019","targetHints":{"allow":["GET"]}}],"collection":[{"href":"https:\/\/www.todoeldia.com\/index.php\/wp-json\/wp\/v2\/posts"}],"about":[{"href":"https:\/\/www.todoeldia.com\/index.php\/wp-json\/wp\/v2\/types\/post"}],"author":[{"embeddable":true,"href":"https:\/\/www.todoeldia.com\/index.php\/wp-json\/wp\/v2\/users\/2"}],"replies":[{"embeddable":true,"href":"https:\/\/www.todoeldia.com\/index.php\/wp-json\/wp\/v2\/comments?post=106019"}],"version-history":[{"count":1,"href":"https:\/\/www.todoeldia.com\/index.php\/wp-json\/wp\/v2\/posts\/106019\/revisions"}],"predecessor-version":[{"id":106022,"href":"https:\/\/www.todoeldia.com\/index.php\/wp-json\/wp\/v2\/posts\/106019\/revisions\/106022"}],"wp:featuredmedia":[{"embeddable":true,"href":"https:\/\/www.todoeldia.com\/index.php\/wp-json\/wp\/v2\/media\/106020"}],"wp:attachment":[{"href":"https:\/\/www.todoeldia.com\/index.php\/wp-json\/wp\/v2\/media?parent=106019"}],"wp:term":[{"taxonomy":"category","embeddable":true,"href":"https:\/\/www.todoeldia.com\/index.php\/wp-json\/wp\/v2\/categories?post=106019"},{"taxonomy":"post_tag","embeddable":true,"href":"https:\/\/www.todoeldia.com\/index.php\/wp-json\/wp\/v2\/tags?post=106019"}],"curies":[{"name":"wp","href":"https:\/\/api.w.org\/{rel}","templated":true}]}}