{"id":106030,"date":"2026-01-26T10:53:19","date_gmt":"2026-01-26T13:53:19","guid":{"rendered":"https:\/\/www.todoeldia.com\/?p=106030"},"modified":"2026-01-26T10:53:20","modified_gmt":"2026-01-26T13:53:20","slug":"celulares-con-arancel-0-conviene-comprar-el-iphone-17-pro-max-en-la-argentina-o-en-el-exterior","status":"publish","type":"post","link":"https:\/\/www.todoeldia.com\/index.php\/2026\/01\/26\/celulares-con-arancel-0-conviene-comprar-el-iphone-17-pro-max-en-la-argentina-o-en-el-exterior\/","title":{"rendered":"Celulares con arancel 0%: \u00bfconviene comprar el Iphone 17 Pro Max en la Argentina o en el exterior?"},"content":{"rendered":"\n<p>La eliminaci\u00f3n del impuesto de importaci\u00f3n para celulares modific\u00f3 los precios locales del \u00faltimo modelo de Apple. Cu\u00e1nto cuesta en la Argentina, cu\u00e1nto en otros pa\u00edses y qu\u00e9 factores explican las diferencias.<\/p>\n\n\n\n<figure class=\"wp-block-image size-full is-resized\"><img loading=\"lazy\" decoding=\"async\" width=\"992\" height=\"695\" src=\"https:\/\/www.todoeldia.com\/wp-content\/uploads\/2026\/01\/image-179.png\" alt=\"\" class=\"wp-image-106033\" style=\"width:1068px;height:auto\" srcset=\"https:\/\/www.todoeldia.com\/wp-content\/uploads\/2026\/01\/image-179.png 992w, https:\/\/www.todoeldia.com\/wp-content\/uploads\/2026\/01\/image-179-300x210.png 300w, https:\/\/www.todoeldia.com\/wp-content\/uploads\/2026\/01\/image-179-768x538.png 768w, https:\/\/www.todoeldia.com\/wp-content\/uploads\/2026\/01\/image-179-599x420.png 599w, https:\/\/www.todoeldia.com\/wp-content\/uploads\/2026\/01\/image-179-696x488.png 696w, https:\/\/www.todoeldia.com\/wp-content\/uploads\/2026\/01\/image-179-100x70.png 100w\" sizes=\"auto, (max-width: 992px) 100vw, 992px\" \/><\/figure>\n\n\n\n<p>La llegada del iPhone 17 Pro Max al mercado argentino coincidi\u00f3 con un cambio relevante en la pol\u00edtica comercial: desde enero de 2026, los tel\u00e9fonos celulares importados ingresan al pa\u00eds con arancel 0%, luego de una reducci\u00f3n progresiva que comenz\u00f3 en mayo de 2025. La medida impact\u00f3 en los precios de venta al p\u00fablico, aunque no elimin\u00f3 por completo la diferencia con los valores que se observan en el exterior.<\/p>\n\n\n\n<figure class=\"wp-block-image size-full is-resized\"><img loading=\"lazy\" decoding=\"async\" width=\"896\" height=\"587\" src=\"https:\/\/www.todoeldia.com\/wp-content\/uploads\/2026\/01\/image-178.png\" alt=\"\" class=\"wp-image-106032\" style=\"width:1068px;height:auto\" srcset=\"https:\/\/www.todoeldia.com\/wp-content\/uploads\/2026\/01\/image-178.png 896w, https:\/\/www.todoeldia.com\/wp-content\/uploads\/2026\/01\/image-178-300x197.png 300w, https:\/\/www.todoeldia.com\/wp-content\/uploads\/2026\/01\/image-178-768x503.png 768w, https:\/\/www.todoeldia.com\/wp-content\/uploads\/2026\/01\/image-178-641x420.png 641w, https:\/\/www.todoeldia.com\/wp-content\/uploads\/2026\/01\/image-178-696x456.png 696w, https:\/\/www.todoeldia.com\/wp-content\/uploads\/2026\/01\/image-178-741x486.png 741w\" sizes=\"auto, (max-width: 896px) 100vw, 896px\" \/><\/figure>\n\n\n\n<p>En ese contexto, el an\u00e1lisis sobre si conviene comprar el iPhone 17 Pro Max dentro del pa\u00eds o fuera de la Argentina se apoya en una comparaci\u00f3n directa de precios, impuestos y condiciones comerciales vigentes en cada mercado.<\/p>\n\n\n\n<p>Cu\u00e1nto cuesta en la Argentina<\/p>\n\n\n\n<p>En las tiendas oficiales, el iPhone 17 Pro Max de 256 GB se comercializa a $2.999.990. Ese valor corresponde al precio final al consumidor y contempla la estructura impositiva vigente, que incluye el IVA y otros tributos nacionales y provinciales que siguen aplic\u00e1ndose pese a la eliminaci\u00f3n del arancel de importaci\u00f3n.<\/p>\n","protected":false},"excerpt":{"rendered":"<p>La eliminaci\u00f3n del impuesto de importaci\u00f3n para celulares modific\u00f3 los precios locales del \u00faltimo modelo de Apple. Cu\u00e1nto cuesta en la Argentina, cu\u00e1nto en otros pa\u00edses y qu\u00e9 factores explican las diferencias. La llegada del iPhone 17 Pro Max al mercado argentino coincidi\u00f3 con un cambio relevante en la pol\u00edtica comercial: desde enero de 2026, [&hellip;]<\/p>\n","protected":false},"author":2,"featured_media":106031,"comment_status":"open","ping_status":"open","sticky":false,"template":"","format":"standard","meta":{"tdm_status":"","tdm_grid_status":"","_joinchat":[],"footnotes":""},"categories":[121],"tags":[],"class_list":{"0":"post-106030","1":"post","2":"type-post","3":"status-publish","4":"format-standard","5":"has-post-thumbnail","7":"category-tecnologia"},"amp_enabled":true,"_links":{"self":[{"href":"https:\/\/www.todoeldia.com\/index.php\/wp-json\/wp\/v2\/posts\/106030","targetHints":{"allow":["GET"]}}],"collection":[{"href":"https:\/\/www.todoeldia.com\/index.php\/wp-json\/wp\/v2\/posts"}],"about":[{"href":"https:\/\/www.todoeldia.com\/index.php\/wp-json\/wp\/v2\/types\/post"}],"author":[{"embeddable":true,"href":"https:\/\/www.todoeldia.com\/index.php\/wp-json\/wp\/v2\/users\/2"}],"replies":[{"embeddable":true,"href":"https:\/\/www.todoeldia.com\/index.php\/wp-json\/wp\/v2\/comments?post=106030"}],"version-history":[{"count":1,"href":"https:\/\/www.todoeldia.com\/index.php\/wp-json\/wp\/v2\/posts\/106030\/revisions"}],"predecessor-version":[{"id":106034,"href":"https:\/\/www.todoeldia.com\/index.php\/wp-json\/wp\/v2\/posts\/106030\/revisions\/106034"}],"wp:featuredmedia":[{"embeddable":true,"href":"https:\/\/www.todoeldia.com\/index.php\/wp-json\/wp\/v2\/media\/106031"}],"wp:attachment":[{"href":"https:\/\/www.todoeldia.com\/index.php\/wp-json\/wp\/v2\/media?parent=106030"}],"wp:term":[{"taxonomy":"category","embeddable":true,"href":"https:\/\/www.todoeldia.com\/index.php\/wp-json\/wp\/v2\/categories?post=106030"},{"taxonomy":"post_tag","embeddable":true,"href":"https:\/\/www.todoeldia.com\/index.php\/wp-json\/wp\/v2\/tags?post=106030"}],"curies":[{"name":"wp","href":"https:\/\/api.w.org\/{rel}","templated":true}]}}