{"id":106047,"date":"2026-01-26T15:24:03","date_gmt":"2026-01-26T18:24:03","guid":{"rendered":"https:\/\/www.todoeldia.com\/?p=106047"},"modified":"2026-01-26T15:24:04","modified_gmt":"2026-01-26T18:24:04","slug":"fueron-imputados-2-de-los-delincuentes-que-asaltaron-al-intendente-de-rivadavia-banda-sur","status":"publish","type":"post","link":"https:\/\/www.todoeldia.com\/index.php\/2026\/01\/26\/fueron-imputados-2-de-los-delincuentes-que-asaltaron-al-intendente-de-rivadavia-banda-sur\/","title":{"rendered":"Fueron imputados 2 de los delincuentes que asaltaron al intendente de Rivadavia Banda Sur"},"content":{"rendered":"\n<p>Dos hombres de 34 y 17 a\u00f1os, fueron acusados provisionalmente del delito de robo agravado por ser cometido con armas, en poblado y en banda.<\/p>\n\n\n\n<p>Durante la audiencia, los imputados fueron asistidos por defensa particular y dieron su versi\u00f3n del hecho, mientras que un hombre de 26 a\u00f1os contin\u00faa pr\u00f3fugo.<\/p>\n\n\n\n<p>El asalto ocurri\u00f3 el 19 de enero, alrededor de las 04:15, en la localidad de La Uni\u00f3n, cuando un grupo de personas ingres\u00f3 a la vivienda del intendente de Rivadavia Banda Sur, Leopoldo Cuenca, quien ejerce el cargo desde hace 20 a\u00f1os de un pueblo sumido en la pobreza y el abandono.<\/p>\n\n\n\n<p>Los sospechosos redujeron al grupo familiar, integrado por Cuenca, su esposa y dos hijas menores.<\/p>\n\n\n\n<p>Durante el hecho, los imputados amenazaron a los damnificados, revisaron todas las pertenencias y sustrajeron dinero en efectivo, una pistola, anillos, un dispositivo DVR, controles de port\u00f3n electr\u00f3nico y una camioneta, que luego fue abandonada. Portaban armas de fuego y manten\u00edan el rostro cubierto.<\/p>\n\n\n\n<p>El s\u00e1bado 24 de enero, con la autorizaci\u00f3n judicial correspondiente, la fiscal Fuentes dirigi\u00f3 allanamientos en Pichanal y La Uni\u00f3n, logrando el secuestro de varios elementos, entre ellos un dispositivo DVR, ropa de grafa y celulares.<\/p>\n\n\n\n<p>La investigaci\u00f3n contin\u00faa a cargo de la Brigada de Investigaciones de Or\u00e1n (DGI), mientras la Fiscal Fuentes solicit\u00f3 a la jueza de Garant\u00edas que se inserte en el SIFCOP el pedido de detenci\u00f3n del imputado pr\u00f3fugo.<\/p>\n","protected":false},"excerpt":{"rendered":"<p>Dos hombres de 34 y 17 a\u00f1os, fueron acusados provisionalmente del delito de robo agravado por ser cometido con armas, en poblado y en banda. Durante la audiencia, los imputados fueron asistidos por defensa particular y dieron su versi\u00f3n del hecho, mientras que un hombre de 26 a\u00f1os contin\u00faa pr\u00f3fugo. El asalto ocurri\u00f3 el 19 [&hellip;]<\/p>\n","protected":false},"author":2,"featured_media":105737,"comment_status":"open","ping_status":"open","sticky":false,"template":"","format":"standard","meta":{"tdm_status":"","tdm_grid_status":"","_joinchat":[],"footnotes":""},"categories":[59],"tags":[],"class_list":{"0":"post-106047","1":"post","2":"type-post","3":"status-publish","4":"format-standard","5":"has-post-thumbnail","7":"category-politica"},"amp_enabled":true,"_links":{"self":[{"href":"https:\/\/www.todoeldia.com\/index.php\/wp-json\/wp\/v2\/posts\/106047","targetHints":{"allow":["GET"]}}],"collection":[{"href":"https:\/\/www.todoeldia.com\/index.php\/wp-json\/wp\/v2\/posts"}],"about":[{"href":"https:\/\/www.todoeldia.com\/index.php\/wp-json\/wp\/v2\/types\/post"}],"author":[{"embeddable":true,"href":"https:\/\/www.todoeldia.com\/index.php\/wp-json\/wp\/v2\/users\/2"}],"replies":[{"embeddable":true,"href":"https:\/\/www.todoeldia.com\/index.php\/wp-json\/wp\/v2\/comments?post=106047"}],"version-history":[{"count":1,"href":"https:\/\/www.todoeldia.com\/index.php\/wp-json\/wp\/v2\/posts\/106047\/revisions"}],"predecessor-version":[{"id":106048,"href":"https:\/\/www.todoeldia.com\/index.php\/wp-json\/wp\/v2\/posts\/106047\/revisions\/106048"}],"wp:featuredmedia":[{"embeddable":true,"href":"https:\/\/www.todoeldia.com\/index.php\/wp-json\/wp\/v2\/media\/105737"}],"wp:attachment":[{"href":"https:\/\/www.todoeldia.com\/index.php\/wp-json\/wp\/v2\/media?parent=106047"}],"wp:term":[{"taxonomy":"category","embeddable":true,"href":"https:\/\/www.todoeldia.com\/index.php\/wp-json\/wp\/v2\/categories?post=106047"},{"taxonomy":"post_tag","embeddable":true,"href":"https:\/\/www.todoeldia.com\/index.php\/wp-json\/wp\/v2\/tags?post=106047"}],"curies":[{"name":"wp","href":"https:\/\/api.w.org\/{rel}","templated":true}]}}