{"id":106049,"date":"2026-01-26T15:28:51","date_gmt":"2026-01-26T18:28:51","guid":{"rendered":"https:\/\/www.todoeldia.com\/?p=106049"},"modified":"2026-01-26T15:28:52","modified_gmt":"2026-01-26T18:28:52","slug":"le-negaron-la-prision-domiciliaria-al-conductor-ebrio-que-mato-a-un-motociclista-en-la-avenida-del-carnaval","status":"publish","type":"post","link":"https:\/\/www.todoeldia.com\/index.php\/2026\/01\/26\/le-negaron-la-prision-domiciliaria-al-conductor-ebrio-que-mato-a-un-motociclista-en-la-avenida-del-carnaval\/","title":{"rendered":"Le negaron la prisi\u00f3n domiciliaria al conductor ebrio que mato a un motociclista en la avenida del Carnaval"},"content":{"rendered":"\n<p>El hecho ocurri\u00f3 el 11 de noviembre cuando el acusado, con 1,97 g\/l de alcohol en sangre, invadi\u00f3 el carril contrario y choc\u00f3 de frente contra una motocicleta. El conductor del rodado menor falleci\u00f3.<\/p>\n\n\n\n<p>El fiscal penal Santiago L\u00f3pez Soto, represent\u00f3 al Ministerio P\u00fablico Fiscal en la audiencia de formulaci\u00f3n de medidas cautelares llevada adelante en el marco de la causa que se sigue contra un hombre de 49 a\u00f1os, imputado como autor del delito de homicidio culposo en accidente de tr\u00e1nsito, agravado por fuga del causante y por conducir con un nivel de alcoholemia igual o superior a 1 g\/l.<\/p>\n\n\n\n<p>Durante la audiencia, la defensa solicit\u00f3 el cumplimiento de prisi\u00f3n domiciliaria, pedido al que se opuso el fiscal L\u00f3pez Soto. Tras escuchar los planteos de las partes, el juez de Garant\u00edas Nicol\u00e1s Rodr\u00edguez Pipino hizo lugar a la solicitud fiscal y deneg\u00f3 la prisi\u00f3n domiciliaria, al considerar la existencia de riesgos procesales, como la posibilidad de fuga o de entorpecimiento de la investigaci\u00f3n, as\u00ed como la gravedad del hecho investigado.<\/p>\n\n\n\n<p>El hecho ocurri\u00f3 el 11 de noviembre por la noche, sobre avenida del Carnaval, en la ciudad de Salta. De acuerdo con el informe toxicol\u00f3gico retrospectivo del Cuerpo de Investigaciones Fiscales (CIF), el imputado conduc\u00eda un autom\u00f3vil con 1,97 g\/l de alcohol en sangre cuando invadi\u00f3 el carril contrario y colision\u00f3 de frente con una motocicleta que circulaba en sentido opuesto. Como consecuencia del impacto, el conductor del rodado menor, de 25 a\u00f1os, sufri\u00f3 lesiones de extrema gravedad y falleci\u00f3 posteriormente en el hospital San Bernardo por traumatismo enc\u00e9falo craneano grave y politraumatismos.<\/p>\n\n\n\n<p>Tras el siniestro, el conductor del autom\u00f3vil intent\u00f3 darse a la fuga, pero fue reducido en el lugar por personal policial, lo que impidi\u00f3 la evasi\u00f3n.<\/p>\n","protected":false},"excerpt":{"rendered":"<p>El hecho ocurri\u00f3 el 11 de noviembre cuando el acusado, con 1,97 g\/l de alcohol en sangre, invadi\u00f3 el carril contrario y choc\u00f3 de frente contra una motocicleta. El conductor del rodado menor falleci\u00f3. El fiscal penal Santiago L\u00f3pez Soto, represent\u00f3 al Ministerio P\u00fablico Fiscal en la audiencia de formulaci\u00f3n de medidas cautelares llevada adelante [&hellip;]<\/p>\n","protected":false},"author":2,"featured_media":43806,"comment_status":"open","ping_status":"open","sticky":false,"template":"","format":"standard","meta":{"tdm_status":"","tdm_grid_status":"","_joinchat":[],"footnotes":""},"categories":[63],"tags":[],"class_list":{"0":"post-106049","1":"post","2":"type-post","3":"status-publish","4":"format-standard","5":"has-post-thumbnail","7":"category-policiales"},"amp_enabled":true,"_links":{"self":[{"href":"https:\/\/www.todoeldia.com\/index.php\/wp-json\/wp\/v2\/posts\/106049","targetHints":{"allow":["GET"]}}],"collection":[{"href":"https:\/\/www.todoeldia.com\/index.php\/wp-json\/wp\/v2\/posts"}],"about":[{"href":"https:\/\/www.todoeldia.com\/index.php\/wp-json\/wp\/v2\/types\/post"}],"author":[{"embeddable":true,"href":"https:\/\/www.todoeldia.com\/index.php\/wp-json\/wp\/v2\/users\/2"}],"replies":[{"embeddable":true,"href":"https:\/\/www.todoeldia.com\/index.php\/wp-json\/wp\/v2\/comments?post=106049"}],"version-history":[{"count":1,"href":"https:\/\/www.todoeldia.com\/index.php\/wp-json\/wp\/v2\/posts\/106049\/revisions"}],"predecessor-version":[{"id":106050,"href":"https:\/\/www.todoeldia.com\/index.php\/wp-json\/wp\/v2\/posts\/106049\/revisions\/106050"}],"wp:featuredmedia":[{"embeddable":true,"href":"https:\/\/www.todoeldia.com\/index.php\/wp-json\/wp\/v2\/media\/43806"}],"wp:attachment":[{"href":"https:\/\/www.todoeldia.com\/index.php\/wp-json\/wp\/v2\/media?parent=106049"}],"wp:term":[{"taxonomy":"category","embeddable":true,"href":"https:\/\/www.todoeldia.com\/index.php\/wp-json\/wp\/v2\/categories?post=106049"},{"taxonomy":"post_tag","embeddable":true,"href":"https:\/\/www.todoeldia.com\/index.php\/wp-json\/wp\/v2\/tags?post=106049"}],"curies":[{"name":"wp","href":"https:\/\/api.w.org\/{rel}","templated":true}]}}