{"id":106051,"date":"2026-01-26T15:35:51","date_gmt":"2026-01-26T18:35:51","guid":{"rendered":"https:\/\/www.todoeldia.com\/?p=106051"},"modified":"2026-01-26T15:35:52","modified_gmt":"2026-01-26T18:35:52","slug":"43-meses-a-la-carcel-por-robar-en-una-escuela-de-r-de-la-frontera-y-vender-un-tv-y-otros-elementos","status":"publish","type":"post","link":"https:\/\/www.todoeldia.com\/index.php\/2026\/01\/26\/43-meses-a-la-carcel-por-robar-en-una-escuela-de-r-de-la-frontera-y-vender-un-tv-y-otros-elementos\/","title":{"rendered":"43 meses a la c\u00e1rcel por robar en una escuela de R\u00b0 de la Frontera y vender un TV y otros elementos"},"content":{"rendered":"\n<p>El hecho ocurri\u00f3 en una instituci\u00f3n educativa, de donde sustrajo diversos elementos y posteriormente comercializ\u00f3 parte de lo robado, lo que deriv\u00f3 en una condena de cumplimiento efectivo.<\/p>\n\n\n\n<p>La justicia lo conden\u00f3 a una pena de siete meses de prisi\u00f3n de ejecuci\u00f3n efectiva. Al verificarse que el acusado contaba con una condena previa por delitos contra la propiedad, con una pena de tres a\u00f1os de prisi\u00f3n condicional, se dispuso la revocaci\u00f3n de ese beneficio, la unificaci\u00f3n de las penas y el c\u00f3mputo correspondiente.<\/p>\n\n\n\n<p>Como resultado, se estableci\u00f3 una pena \u00fanica de tres a\u00f1os y siete meses de prisi\u00f3n de cumplimiento efectivo.<\/p>\n\n\n\n<p>Los hechos investigados ocurrieron en julio de 2025, cuando el imputado ingres\u00f3 de manera ileg\u00edtima a la Escuela N.\u00ba 4673 \u201cJorge Edgard Leal\u201d, tras provocar da\u00f1os en una de las puertas del sector de Direcci\u00f3n, que utiliz\u00f3 como v\u00eda de acceso al establecimiento.<\/p>\n\n\n\n<p>Una vez en el interior, se apoder\u00f3 de numerosos elementos pertenecientes a la instituci\u00f3n educativa, entre ellos equipos inform\u00e1ticos, un televisor, parlantes, ventiladores, \u00fatiles escolares, resmas de papel, alimentos y otros bienes destinados al funcionamiento cotidiano de la escuela. Para facilitar su accionar, tambi\u00e9n sustrajo un recipiente que conten\u00eda duplicados de llaves de distintos sectores del edificio.<\/p>\n\n\n\n<p>Como parte de la maniobra, el imputado vendi\u00f3 uno de los elementos sustra\u00eddos, un televisor, a un tercero que lo adquiri\u00f3 desconociendo su origen il\u00edcito, lo que permiti\u00f3 reconstruir el recorrido del bien y avanzar en la investigaci\u00f3n. El aparato fue posteriormente recuperado y restituido a la instituci\u00f3n educativa.<\/p>\n\n\n\n<p>A partir de las tareas investigativas a cargo del fiscal Rodr\u00edguez L\u00f3pez, con intervenci\u00f3n policial y la producci\u00f3n de diversas pruebas testimoniales y t\u00e9cnicas, se logr\u00f3 acreditar la participaci\u00f3n del acusado en los hechos y reunir los elementos necesarios para arribar a su esclarecimiento.<\/p>\n","protected":false},"excerpt":{"rendered":"<p>El hecho ocurri\u00f3 en una instituci\u00f3n educativa, de donde sustrajo diversos elementos y posteriormente comercializ\u00f3 parte de lo robado, lo que deriv\u00f3 en una condena de cumplimiento efectivo. La justicia lo conden\u00f3 a una pena de siete meses de prisi\u00f3n de ejecuci\u00f3n efectiva. Al verificarse que el acusado contaba con una condena previa por delitos [&hellip;]<\/p>\n","protected":false},"author":2,"featured_media":82302,"comment_status":"open","ping_status":"open","sticky":false,"template":"","format":"standard","meta":{"tdm_status":"","tdm_grid_status":"","_joinchat":[],"footnotes":""},"categories":[63],"tags":[],"class_list":{"0":"post-106051","1":"post","2":"type-post","3":"status-publish","4":"format-standard","5":"has-post-thumbnail","7":"category-policiales"},"amp_enabled":true,"_links":{"self":[{"href":"https:\/\/www.todoeldia.com\/index.php\/wp-json\/wp\/v2\/posts\/106051","targetHints":{"allow":["GET"]}}],"collection":[{"href":"https:\/\/www.todoeldia.com\/index.php\/wp-json\/wp\/v2\/posts"}],"about":[{"href":"https:\/\/www.todoeldia.com\/index.php\/wp-json\/wp\/v2\/types\/post"}],"author":[{"embeddable":true,"href":"https:\/\/www.todoeldia.com\/index.php\/wp-json\/wp\/v2\/users\/2"}],"replies":[{"embeddable":true,"href":"https:\/\/www.todoeldia.com\/index.php\/wp-json\/wp\/v2\/comments?post=106051"}],"version-history":[{"count":1,"href":"https:\/\/www.todoeldia.com\/index.php\/wp-json\/wp\/v2\/posts\/106051\/revisions"}],"predecessor-version":[{"id":106052,"href":"https:\/\/www.todoeldia.com\/index.php\/wp-json\/wp\/v2\/posts\/106051\/revisions\/106052"}],"wp:featuredmedia":[{"embeddable":true,"href":"https:\/\/www.todoeldia.com\/index.php\/wp-json\/wp\/v2\/media\/82302"}],"wp:attachment":[{"href":"https:\/\/www.todoeldia.com\/index.php\/wp-json\/wp\/v2\/media?parent=106051"}],"wp:term":[{"taxonomy":"category","embeddable":true,"href":"https:\/\/www.todoeldia.com\/index.php\/wp-json\/wp\/v2\/categories?post=106051"},{"taxonomy":"post_tag","embeddable":true,"href":"https:\/\/www.todoeldia.com\/index.php\/wp-json\/wp\/v2\/tags?post=106051"}],"curies":[{"name":"wp","href":"https:\/\/api.w.org\/{rel}","templated":true}]}}