{"id":106061,"date":"2026-01-26T20:38:42","date_gmt":"2026-01-26T23:38:42","guid":{"rendered":"https:\/\/www.todoeldia.com\/?p=106061"},"modified":"2026-01-26T20:38:43","modified_gmt":"2026-01-26T23:38:43","slug":"cierra-el-carrefour-de-la-20-de-febrero","status":"publish","type":"post","link":"https:\/\/www.todoeldia.com\/index.php\/2026\/01\/26\/cierra-el-carrefour-de-la-20-de-febrero\/","title":{"rendered":"Cierra el Carrefour de la 20 de Febrero"},"content":{"rendered":"\n<p>Hasta el 31 de enero funcionar\u00e1 la sucursal de Carrefour ubicada en 20 de febrero entre Caseros y Espa\u00f1a en nuestra ciudad.<\/p>\n\n\n\n<p>Los trabajadores fueron informados esta ma\u00f1ana de la decisi\u00f3n adoptada por la empresa y ser\u00edan reubicados en los denominados Carrefour Express.<\/p>\n\n\n\n<figure class=\"wp-block-image size-full is-resized\"><img loading=\"lazy\" decoding=\"async\" width=\"868\" height=\"489\" src=\"https:\/\/www.todoeldia.com\/wp-content\/uploads\/2026\/01\/image-183.png\" alt=\"\" class=\"wp-image-106063\" style=\"width:1060px;height:auto\" srcset=\"https:\/\/www.todoeldia.com\/wp-content\/uploads\/2026\/01\/image-183.png 868w, https:\/\/www.todoeldia.com\/wp-content\/uploads\/2026\/01\/image-183-300x169.png 300w, https:\/\/www.todoeldia.com\/wp-content\/uploads\/2026\/01\/image-183-768x433.png 768w, https:\/\/www.todoeldia.com\/wp-content\/uploads\/2026\/01\/image-183-746x420.png 746w, https:\/\/www.todoeldia.com\/wp-content\/uploads\/2026\/01\/image-183-696x392.png 696w\" sizes=\"auto, (max-width: 868px) 100vw, 868px\" \/><\/figure>\n\n\n\n<p>La medida adoptada en Salta al igual que en otras sucursales del pa\u00eds estar\u00eda relacionada con una disminuci\u00f3n en las ventas y los elevados costos de alquiler de algunos locales comerciales.<\/p>\n","protected":false},"excerpt":{"rendered":"<p>Hasta el 31 de enero funcionar\u00e1 la sucursal de Carrefour ubicada en 20 de febrero entre Caseros y Espa\u00f1a en nuestra ciudad. Los trabajadores fueron informados esta ma\u00f1ana de la decisi\u00f3n adoptada por la empresa y ser\u00edan reubicados en los denominados Carrefour Express. La medida adoptada en Salta al igual que en otras sucursales del [&hellip;]<\/p>\n","protected":false},"author":2,"featured_media":106062,"comment_status":"open","ping_status":"open","sticky":false,"template":"","format":"standard","meta":{"tdm_status":"","tdm_grid_status":"","_joinchat":[],"footnotes":""},"categories":[60],"tags":[],"class_list":{"0":"post-106061","1":"post","2":"type-post","3":"status-publish","4":"format-standard","5":"has-post-thumbnail","7":"category-economia"},"amp_enabled":true,"_links":{"self":[{"href":"https:\/\/www.todoeldia.com\/index.php\/wp-json\/wp\/v2\/posts\/106061","targetHints":{"allow":["GET"]}}],"collection":[{"href":"https:\/\/www.todoeldia.com\/index.php\/wp-json\/wp\/v2\/posts"}],"about":[{"href":"https:\/\/www.todoeldia.com\/index.php\/wp-json\/wp\/v2\/types\/post"}],"author":[{"embeddable":true,"href":"https:\/\/www.todoeldia.com\/index.php\/wp-json\/wp\/v2\/users\/2"}],"replies":[{"embeddable":true,"href":"https:\/\/www.todoeldia.com\/index.php\/wp-json\/wp\/v2\/comments?post=106061"}],"version-history":[{"count":1,"href":"https:\/\/www.todoeldia.com\/index.php\/wp-json\/wp\/v2\/posts\/106061\/revisions"}],"predecessor-version":[{"id":106064,"href":"https:\/\/www.todoeldia.com\/index.php\/wp-json\/wp\/v2\/posts\/106061\/revisions\/106064"}],"wp:featuredmedia":[{"embeddable":true,"href":"https:\/\/www.todoeldia.com\/index.php\/wp-json\/wp\/v2\/media\/106062"}],"wp:attachment":[{"href":"https:\/\/www.todoeldia.com\/index.php\/wp-json\/wp\/v2\/media?parent=106061"}],"wp:term":[{"taxonomy":"category","embeddable":true,"href":"https:\/\/www.todoeldia.com\/index.php\/wp-json\/wp\/v2\/categories?post=106061"},{"taxonomy":"post_tag","embeddable":true,"href":"https:\/\/www.todoeldia.com\/index.php\/wp-json\/wp\/v2\/tags?post=106061"}],"curies":[{"name":"wp","href":"https:\/\/api.w.org\/{rel}","templated":true}]}}